{"id":2,"__str__":"Relat\u00f3rio Legislativo - CONTRATO AMEG de 14/08/2023 por EXECUTIVO MUNICIPAL","link_detail_backend":"/materia/documentoacessorio/2","metadata":{},"nome":"CONTRATO AMEG","data":"2023-08-14","autor":"EXECUTIVO MUNICIPAL","ementa":"\"Disp\u00f5e sobre a ratifica\u00e7\u00e3o do munic\u00edpio de Claraval ao contrato de cons\u00f3rcio p\u00fablico da associa\u00e7\u00e3o p\u00fablica dos munic\u00edpios da microrregi\u00e3o do m\u00e9dio rio grande - AMEG, consolidado com o segundo termo aditivo.\"","indexacao":"","arquivo":"http://sapl.claraval.mg.leg.br/media/sapl/public/documentoacessorio/2023/2/contrato_ameg.pdf","data_ultima_atualizacao":"2023-08-14T10:14:09.806839-03:00","materia":56,"tipo":11}