{"id":101,"__str__":"PROJETO DE EMENDA MODIFICATIVA n\u00ba 2 de 2023","link_detail_backend":"/materia/101","metadata":{},"numero":2,"ano":2023,"numero_protocolo":340,"data_apresentacao":"2023-11-10","tipo_apresentacao":"E","data_publicacao":null,"numero_origem_externa":"","ano_origem_externa":null,"data_origem_externa":null,"apelido":"","dias_prazo":null,"data_fim_prazo":null,"em_tramitacao":true,"polemica":false,"objeto":"","complementar":false,"ementa":"O vereador JOS\u00c9 ADEILSO GOMES, nos termos do Art. 119, \u00a71\u00ba e Art. 128, do Regimento Interno, por ocasi\u00e3o dos debates (Discuss\u00e3o do Projeto de Lei), prop\u00f5e a seguinte emenda ao Projeto de Lei n\u00ba 35/2023.","indexacao":"","observacao":"","resultado":"","texto_original":"http://sapl.claraval.mg.leg.br/media/sapl/public/materialegislativa/2023/101/emenda_02_2023.pdf","data_ultima_atualizacao":"2023-11-10T16:29:22.502524-03:00","ip":"177.11.190.58","ultima_edicao":"2023-11-10T16:29:22.274591-03:00","tipo":18,"regime_tramitacao":1,"tipo_origem_externa":null,"local_origem_externa":null,"user":3,"anexadas":[],"autores":[17]}