{"id":1027,"__str__":"PROJETO DE LEI ORDIN\u00c1RIA n\u00ba 12 de 2019","link_detail_backend":"/materia/1027","metadata":{},"numero":12,"ano":2019,"numero_protocolo":null,"data_apresentacao":"2019-11-22","tipo_apresentacao":"","data_publicacao":null,"numero_origem_externa":"","ano_origem_externa":null,"data_origem_externa":null,"apelido":"","dias_prazo":null,"data_fim_prazo":null,"em_tramitacao":false,"polemica":false,"objeto":"","complementar":false,"ementa":"\"Disp\u00f5e Sobre altera\u00e7\u00e3o das Atribui\u00e7\u00f5es do Cargo de 'Encarregado de Cemit\u00e9rio I' bem com disp\u00f5e sobre a Realoca\u00e7\u00e3o o Migra\u00e7\u00e3o do Cargo de 'Auxiliar de Enfermagem' em 'T\u00e9cnico em Enfermagem' e d\u00e1 Outras Provid\u00eancias.\"","indexacao":"","observacao":"","resultado":"","texto_original":"http://sapl.claraval.mg.leg.br/media/sapl/public/materialegislativa/2019/1027/plo_12_2019.pdf","data_ultima_atualizacao":"2024-04-19T09:50:53.650544-03:00","ip":"177.11.185.27","ultima_edicao":"2024-04-19T09:49:55.800780-03:00","tipo":1,"regime_tramitacao":1,"tipo_origem_externa":null,"local_origem_externa":null,"user":4,"anexadas":[1026,1025],"autores":[]}