{"id":1221,"__str__":"PROJETO DE LEI ORDIN\u00c1RIA n\u00ba 35 de 2014","link_detail_backend":"/materia/1221","metadata":{},"numero":35,"ano":2014,"numero_protocolo":null,"data_apresentacao":"2014-11-28","tipo_apresentacao":"","data_publicacao":null,"numero_origem_externa":"","ano_origem_externa":null,"data_origem_externa":null,"apelido":"","dias_prazo":null,"data_fim_prazo":null,"em_tramitacao":false,"polemica":false,"objeto":"","complementar":false,"ementa":"\"Autoriza a celebra\u00e7\u00e3o de conv\u00eanio e/ou Termo Aditivo com a Associa\u00e7\u00e3o de Pais e Amigos dos Excepcionais de Franca-SP. objetivando a execu\u00e7\u00e3o de programa de atendimento \u00e0 pessoa com defici\u00eancia de Claraval-MG.\"","indexacao":"","observacao":"","resultado":"","texto_original":"http://sapl.claraval.mg.leg.br/media/sapl/public/materialegislativa/2014/1221/plo_35_2014.pdf","data_ultima_atualizacao":"2024-04-29T15:22:39.153931-03:00","ip":"177.11.187.36","ultima_edicao":"2024-04-29T15:21:41.380112-03:00","tipo":1,"regime_tramitacao":1,"tipo_origem_externa":null,"local_origem_externa":null,"user":4,"anexadas":[1219,1220],"autores":[]}