{"id":1294,"__str__":"PROJETO DE LEI COMPLEMENTAR n\u00ba 1 de 2025","link_detail_backend":"/materia/1294","metadata":{"signs":{"texto_original":{"admin":[],"autores":[["Jose Reinaldo Cintra",["2025-03-06T11:04:50-03:00","ICP-Brasil - AC SyngularID Multipla"]]]}}},"numero":1,"ano":2025,"numero_protocolo":null,"data_apresentacao":"2025-03-06","tipo_apresentacao":"E","data_publicacao":null,"numero_origem_externa":"","ano_origem_externa":null,"data_origem_externa":null,"apelido":"","dias_prazo":null,"data_fim_prazo":null,"em_tramitacao":false,"polemica":false,"objeto":"","complementar":false,"ementa":"Disp\u00f5e sobre a cria\u00e7\u00e3o de cargo e vagas no munic\u00edpio de Claraval/MG, na forma espec\u00edfica e da outras provid\u00eancias.","indexacao":"","observacao":"","resultado":"","texto_original":"http://sapl.claraval.mg.leg.br/media/sapl/public/materialegislativa/2025/1294/plc_01_-_cargos_e_vagas_-_06.03.2025._ass.pdf","data_ultima_atualizacao":"2025-03-12T17:11:31.300657-03:00","ip":"177.11.190.60","ultima_edicao":"2025-03-12T17:11:26.146982-03:00","tipo":6,"regime_tramitacao":1,"tipo_origem_externa":null,"local_origem_externa":null,"user":10,"anexadas":[],"autores":[21]}