{"id":1311,"__str__":"PARECER - COFC n\u00ba 6 de 2025","link_detail_backend":"/materia/1311","metadata":{},"numero":6,"ano":2025,"numero_protocolo":null,"data_apresentacao":"2025-03-17","tipo_apresentacao":"E","data_publicacao":null,"numero_origem_externa":"","ano_origem_externa":null,"data_origem_externa":null,"apelido":"","dias_prazo":null,"data_fim_prazo":null,"em_tramitacao":true,"polemica":false,"objeto":"","complementar":false,"ementa":"COMISS\u00c3O DE OR\u00c7AMENTO, FINAN\u00c7AS E CONTABILIDADE\r\n\r\nProjeto de Lei n\u00ba 005/2025\r\n\r\n Parecer de n\u00ba 006/2025\r\n\r\nA Comiss\u00e3o de OR\u00c7AMENTO, FINAN\u00c7AS E CONTABILIDADE, reunida e em conferencia os seus membros para examinarem Veto ao Projeto de de Lei n\u00ba 005/2025 que \" Estabelece normas e princ\u00edpios a serem aplicados em todos os eventos realizados com recursos p\u00fablicos no Munic\u00edpio de Claraval - MG\" entendem que o mesmo examinado n\u00e3o satisfaz as condi\u00e7\u00f5es legais para ser apreciado em plen\u00e1rio.\r\n\r\nSala das Sess\u00f5es, 17 de Mar\u00e7o de 2025.\r\n\r\nHONOROALDE CARRIJO SILVERIO\r\n Presidente\r\n\r\nWILIAN DIAS CUNHA DA FONSECA \r\nVice-Presidente\r\n\r\nSEBASTI\u00c3O DA SILVA CINTRA \r\nSecret\u00e1rio.","indexacao":"","observacao":"","resultado":"","texto_original":null,"data_ultima_atualizacao":"2025-03-13T16:55:47.923671-03:00","ip":"177.11.185.25","ultima_edicao":"2025-03-13T16:50:15.590502-03:00","tipo":14,"regime_tramitacao":1,"tipo_origem_externa":null,"local_origem_externa":null,"user":4,"anexadas":[],"autores":[7]}