{"id":1316,"__str__":"VETO AO PROJETO n\u00ba 3 de 2025","link_detail_backend":"/materia/1316","metadata":{},"numero":3,"ano":2025,"numero_protocolo":114,"data_apresentacao":"2025-03-28","tipo_apresentacao":"E","data_publicacao":null,"numero_origem_externa":"","ano_origem_externa":null,"data_origem_externa":null,"apelido":"","dias_prazo":null,"data_fim_prazo":null,"em_tramitacao":false,"polemica":false,"objeto":"","complementar":false,"ementa":"Veto total, ao Projeto de Lei n.o 06 de 28de janeiro de 2025, concess\u00e3o de at\u00e9 06 (seis) faltas abonadas anuais aos servidores p\u00fablicos municipais efetivos e celetistas, sendo 03 (tr\u00eas) no primeiro semestre e 03 (tr\u00eas) no segundo semestre.","indexacao":"","observacao":"","resultado":"","texto_original":"http://sapl.claraval.mg.leg.br/media/sapl/public/materialegislativa/2025/1316/veto_pj_lei_062025.pdf","data_ultima_atualizacao":"2025-03-28T15:48:36.218503-03:00","ip":"177.11.185.27","ultima_edicao":"2025-03-28T15:48:36.215127-03:00","tipo":11,"regime_tramitacao":1,"tipo_origem_externa":null,"local_origem_externa":null,"user":10,"anexadas":[],"autores":[21]}