{"id":1321,"__str__":"REQUERIMENTO n\u00ba 14 de 2025","link_detail_backend":"/materia/1321","metadata":{},"numero":14,"ano":2025,"numero_protocolo":null,"data_apresentacao":"2025-04-01","tipo_apresentacao":"E","data_publicacao":null,"numero_origem_externa":"","ano_origem_externa":null,"data_origem_externa":null,"apelido":"","dias_prazo":null,"data_fim_prazo":null,"em_tramitacao":true,"polemica":false,"objeto":"","complementar":false,"ementa":"REQUERIMENTO N\u00ba 14/2025\r\n\r\nOs vereadores abaixo assinados, nos termos regimentais e depois de ouvido o soberano plen\u00e1rio, REQUER ao Prefeito Municipal que encaminhe a esta Casa de Leis, c\u00f3pia das declara\u00e7\u00f5es de ac\u00famulo de cargos de todos os servidores municipais que encontram-se acumulando cargos neste ano.\r\n\r\n\r\nSala das Sess\u00f5es, Claraval-MG, 01 de abril de 2025.\u00a0\r\n\r\n\r\n\r\nNILSON MARTINS DA SILVA\r\nPresidente da C\u00e2mara\r\n\r\n\r\n\r\nGABRIELA ANANDA NEVES BORGES\r\nVereadora\r\n\r\n\r\n\r\nWILLIAN DIAS CUNHA DA FONSECA\r\nVereador","indexacao":"","observacao":"","resultado":"","texto_original":"http://sapl.claraval.mg.leg.br/media/sapl/public/materialegislativa/2025/1321/req_14_2025.pdf","data_ultima_atualizacao":"2025-04-04T14:13:38.109096-03:00","ip":"177.11.187.36","ultima_edicao":"2025-04-04T14:13:37.925999-03:00","tipo":4,"regime_tramitacao":1,"tipo_origem_externa":null,"local_origem_externa":null,"user":4,"anexadas":[],"autores":[]}