{"id":1324,"__str__":"PARECER - COFC n\u00ba 7 de 2025","link_detail_backend":"/materia/1324","metadata":{},"numero":7,"ano":2025,"numero_protocolo":null,"data_apresentacao":"2025-04-07","tipo_apresentacao":"E","data_publicacao":null,"numero_origem_externa":"","ano_origem_externa":null,"data_origem_externa":null,"apelido":"","dias_prazo":null,"data_fim_prazo":null,"em_tramitacao":true,"polemica":false,"objeto":"","complementar":false,"ementa":"A Comiss\u00e3o de  OR\u00c7AMENTO , FINAN\u00c7AS E CONTABILIDADE, reunida e em conferencia os seus membros para examinarem  Veto ao  projeto de Lei    n\u00ba006/2025   que   \u201c  AUTORIZA O PODER EXECUTIVO E LEGISLATIVO MUNICIPAL A CONCEDER ATE 06 (SEIS) FALTAS ABONADAS ANUAIS AOS SERVIDORES P\u00daBLICOS MUNICIPAIS E EFETIVOS E CELETISTAS SENDO 03 (TR\u00caS) NO PRIMEIRO SEMESTRE E 03 (TR\u00caS) NO SEGUNDO SEMESTRE E D\u00c1 OUTRAS PROVID\u00caNCIAS\u201d  entendem que o mesmo examinado  satisfaz as condi\u00e7\u00f5es legais para ser apreciado em plen\u00e1rio.\r\n\r\n\r\n\r\n\r\n\r\n\r\n\r\n\r\nSala das Sess\u00f5es,   07 de Abril   de 2025.\r\n\r\n\r\n\r\n\r\nHONOROALDE CARRIJO SILV\u00c9RIO\r\nPresidente\r\n\r\n\r\nWILIAN DIAS CUNHA DA FONSECA\r\nVice-Presidente\r\n\r\n\r\n\r\n\r\nSEBASTI\u00c3O DA SILVA CINTRA\r\nSecret\u00e1rio.","indexacao":"","observacao":"","resultado":"","texto_original":"http://sapl.claraval.mg.leg.br/media/sapl/public/materialegislativa/2025/1324/par_cofc_07_25.pdf","data_ultima_atualizacao":"2025-04-02T13:11:53.412662-03:00","ip":"177.11.187.36","ultima_edicao":"2025-04-02T13:10:31.112671-03:00","tipo":14,"regime_tramitacao":1,"tipo_origem_externa":null,"local_origem_externa":null,"user":4,"anexadas":[],"autores":[7]}