{"id":1325,"__str__":"PARECER - CCJR n\u00ba 8 de 2025","link_detail_backend":"/materia/1325","metadata":{},"numero":8,"ano":2025,"numero_protocolo":null,"data_apresentacao":"2025-04-07","tipo_apresentacao":"E","data_publicacao":null,"numero_origem_externa":"","ano_origem_externa":null,"data_origem_externa":null,"apelido":"","dias_prazo":null,"data_fim_prazo":null,"em_tramitacao":true,"polemica":false,"objeto":"","complementar":false,"ementa":"A Comiss\u00e3o de CONSTITUI\u00c7\u00c3O , JUSTI\u00c7A E REDA\u00c7\u00c3O, reunida e em conferencia os seus membros para examinarem o projeto de Lei  N\u00ba 0013/2025 sobre  \u201c AUTORIZA O PODER EXECUTIVO  ABRIR CR\u00c9DITO ADICIONAL ESPECIAL NA LEI  n\u00ba 1546/2024 \u2013 QUE ESTIMA A RECEITA E FIXA A DESPESA DO MUNIC\u00cdPIO DE CLARAVAL-MG PRA O EXERC\u00cdCIO FINANCEIRO DE 2025 E D\u00c1 OUTRAS PROVID\u00caNCIAS\u201d entendem que o mesmo examinado satisfaz as condi\u00e7\u00f5es legais para ser apreciado em plen\u00e1rio.\r\n\r\n\r\n\r\n\r\nSala das Sess\u00f5es, 07  de Abril  de 2025.\r\n\r\n\r\n\r\n\r\n\r\nHONOROALDE CARRIJO SILV\u00c9RIO\r\nPresidente\r\n\r\n\r\nWILIAN DIAS CUNHA DA FONSECA\r\nVice-Presidente\r\n\r\n\r\n\r\n\r\nSEBASTI\u00c3O DA SILVA CINTRA\r\nSecret\u00e1rio.","indexacao":"","observacao":"","resultado":"","texto_original":"http://sapl.claraval.mg.leg.br/media/sapl/public/materialegislativa/2025/1325/par_ccjr_08_25.pdf","data_ultima_atualizacao":"2025-04-02T13:13:34.343111-03:00","ip":"177.11.187.36","ultima_edicao":"2025-04-02T13:12:12.150023-03:00","tipo":15,"regime_tramitacao":1,"tipo_origem_externa":null,"local_origem_externa":null,"user":4,"anexadas":[],"autores":[6]}