{"id":1328,"__str__":"REQUERIMENTO n\u00ba 16 de 2025","link_detail_backend":"/materia/1328","metadata":{},"numero":16,"ano":2025,"numero_protocolo":null,"data_apresentacao":"2025-04-01","tipo_apresentacao":"E","data_publicacao":null,"numero_origem_externa":"","ano_origem_externa":null,"data_origem_externa":null,"apelido":"","dias_prazo":null,"data_fim_prazo":null,"em_tramitacao":true,"polemica":false,"objeto":"","complementar":false,"ementa":"REQUERIMENTO N\u00ba 16/2025\r\n\r\nO vereador abaixo assinado, nos termos regimentais e depois de ouvido o soberano plen\u00e1rio, REQUER ao Prefeito Municipal que seja encaminhado a esta Casa de Leis, c\u00f3pia da Lei de cria\u00e7\u00e3o do cargo de Chefe do Departamento de Acompanhamento Social, bem como seja informado a rela\u00e7\u00e3o de todos os funcion\u00e1rios lotados no CRAS bem como as atividades desempenhadas por cada um.\r\n\r\n\r\nSala das Sess\u00f5es, Claraval-MG, 01 de abril de 2025.\r\n\r\n\r\n\r\n\r\nWILLIAN DIAS CUNHA DA FONSECA\r\nVereador","indexacao":"","observacao":"","resultado":"","texto_original":"http://sapl.claraval.mg.leg.br/media/sapl/public/materialegislativa/2025/1328/req_16_2025.pdf","data_ultima_atualizacao":"2025-04-07T13:13:54.177546-03:00","ip":"177.11.188.19","ultima_edicao":"2025-04-07T13:13:54.026839-03:00","tipo":4,"regime_tramitacao":1,"tipo_origem_externa":null,"local_origem_externa":null,"user":4,"anexadas":[],"autores":[24]}