{"id":1333,"__str__":"PARECER - COFC n\u00ba 9 de 2025","link_detail_backend":"/materia/1333","metadata":{},"numero":9,"ano":2025,"numero_protocolo":null,"data_apresentacao":"2025-04-22","tipo_apresentacao":"E","data_publicacao":null,"numero_origem_externa":"","ano_origem_externa":null,"data_origem_externa":null,"apelido":"","dias_prazo":null,"data_fim_prazo":null,"em_tramitacao":true,"polemica":false,"objeto":"","complementar":false,"ementa":"A Comiss\u00e3o de  OR\u00c7AMENTO , FINAN\u00c7AS E CONTABILIDADE, reunida e em conferencia os seus membros para examinarem   o Projeto de  Decreto n\u00ba001/2025 que  \u201c Disp\u00f5e sobre a aprova\u00e7\u00e3o com Ressalvas das Contas do Prefeito Municipal de Claraval , relativas ao exerc\u00edcio de 2023 \u201d  entendem que o mesmo examinado  satisfaz as condi\u00e7\u00f5es legais para ser apreciado em plen\u00e1rio.\r\n\r\n\r\n\r\n\r\n\r\nSala das Sess\u00f5es,   22 de Abril   de 2025.\r\n\r\n\r\n\r\n\r\n\r\nHONOROALDE CARRIJO SILV\u00c9RIO\r\nPresidente\r\n\r\n\r\nWILIAN DIAS CUNHA DA FONSECA\r\nVice-Presidente\r\n\r\n\r\n\r\n\r\nSEBASTI\u00c3O DA SILVA CINTRA\r\nSecret\u00e1rio.","indexacao":"","observacao":"","resultado":"","texto_original":"http://sapl.claraval.mg.leg.br/media/sapl/public/materialegislativa/2025/1333/pcfoc_09_2025.pdf","data_ultima_atualizacao":"2025-04-16T13:10:33.778830-03:00","ip":"177.11.184.49","ultima_edicao":"2025-04-16T13:08:15.239800-03:00","tipo":14,"regime_tramitacao":1,"tipo_origem_externa":null,"local_origem_externa":null,"user":4,"anexadas":[],"autores":[7]}