{"id":1334,"__str__":"REQUERIMENTO n\u00ba 19 de 2025","link_detail_backend":"/materia/1334","metadata":{},"numero":19,"ano":2025,"numero_protocolo":null,"data_apresentacao":"2025-04-15","tipo_apresentacao":"E","data_publicacao":null,"numero_origem_externa":"","ano_origem_externa":null,"data_origem_externa":null,"apelido":"","dias_prazo":null,"data_fim_prazo":null,"em_tramitacao":true,"polemica":false,"objeto":"","complementar":false,"ementa":"O vereador abaixo assinado, nos termos regimentais e depois de ouvido o soberano plen\u00e1rio, REQUER ao Prefeito Municipal que encaminhe a esta Casa de Leis, informa\u00e7\u00f5es  quanto a implanta\u00e7\u00e3o no curr\u00edculo de Educa\u00e7\u00e3o B\u00e1sica das modalidades art\u00edsticas de artes  visuais, dan\u00e7a, m\u00fasica e teatro.","indexacao":"","observacao":"","resultado":"","texto_original":"http://sapl.claraval.mg.leg.br/media/sapl/public/materialegislativa/2025/1334/req_19_2025.pdf","data_ultima_atualizacao":"2025-04-22T19:08:01.087426-03:00","ip":"177.11.184.49","ultima_edicao":"2025-04-22T19:08:00.894640-03:00","tipo":4,"regime_tramitacao":1,"tipo_origem_externa":null,"local_origem_externa":null,"user":4,"anexadas":[],"autores":[27]}