{"id":1346,"__str__":"REQUERIMENTO n\u00ba 27 de 2025","link_detail_backend":"/materia/1346","metadata":{},"numero":27,"ano":2025,"numero_protocolo":null,"data_apresentacao":"2025-05-15","tipo_apresentacao":"E","data_publicacao":null,"numero_origem_externa":"","ano_origem_externa":null,"data_origem_externa":null,"apelido":"","dias_prazo":null,"data_fim_prazo":null,"em_tramitacao":true,"polemica":false,"objeto":"","complementar":false,"ementa":"Os Vereadores que este subscrevem, no uso de suas atribui\u00e7\u00f5es legais e regimentais, vem, respeitosamente, conforme apurado em visita realizada no dia 07 de maio de 2025, por meio do Projeto \u201cC\u00c2MARA MAIS PERTO DA POPULA\u00c7\u00c3O\u201d, tendo os moradores relatado diversas demandas e preocupa\u00e7\u00f5es, requerer, ap\u00f3s aprova\u00e7\u00e3o do Plen\u00e1rio, que seja enviado o presente requerimento ao Excelent\u00edssimo Senhor Prefeito Municipal de Claraval, Sr. Jos\u00e9 Reinaldo Cintra.","indexacao":"","observacao":"","resultado":"","texto_original":"http://sapl.claraval.mg.leg.br/media/sapl/public/materialegislativa/2025/1346/req_27_2025.pdf","data_ultima_atualizacao":"2025-05-19T13:58:23.808737-03:00","ip":"177.11.187.45","ultima_edicao":"2025-05-19T13:51:10.701533-03:00","tipo":4,"regime_tramitacao":1,"tipo_origem_externa":null,"local_origem_externa":null,"user":4,"anexadas":[],"autores":[]}