{"id":1376,"__str__":"INDICAC\u00c3O n\u00ba 24 de 2025","link_detail_backend":"/materia/1376","metadata":{},"numero":24,"ano":2025,"numero_protocolo":null,"data_apresentacao":"2025-07-30","tipo_apresentacao":"E","data_publicacao":"2025-07-30","numero_origem_externa":"","ano_origem_externa":null,"data_origem_externa":null,"apelido":"","dias_prazo":null,"data_fim_prazo":null,"em_tramitacao":true,"polemica":false,"objeto":"","complementar":false,"ementa":"Os vereadores signat\u00e1rios, no uso de suas legais e regimentais atribui\u00e7\u00f5es, vem apresentar a presente INDICA\u00c7\u00c3O, com objetivo de sugerir ao Exmo. Senhor Prefeito Municipal, que, por meio da Secretaria Municipal de Sa\u00fade, estude a possibilidade de contratar profissional fonoaudi\u00f3logo para compor a equipe de sa\u00fade do munic\u00edpio.","indexacao":"","observacao":"","resultado":"","texto_original":"http://sapl.claraval.mg.leg.br/media/sapl/public/materialegislativa/2025/1376/ind_24_2025.pdf","data_ultima_atualizacao":"2025-07-31T14:24:33.811965-03:00","ip":"177.11.190.61","ultima_edicao":"2025-07-31T14:21:14.062330-03:00","tipo":5,"regime_tramitacao":1,"tipo_origem_externa":null,"local_origem_externa":null,"user":4,"anexadas":[],"autores":[]}