{"id":28,"__str__":"REQUERIMENTO n\u00ba 11 de 2023","link_detail_backend":"/materia/28","metadata":{},"numero":11,"ano":2023,"numero_protocolo":null,"data_apresentacao":"2023-06-19","tipo_apresentacao":"E","data_publicacao":null,"numero_origem_externa":"","ano_origem_externa":null,"data_origem_externa":null,"apelido":"","dias_prazo":null,"data_fim_prazo":null,"em_tramitacao":false,"polemica":false,"objeto":"","complementar":false,"ementa":"Assunto: Solicita\u00e7\u00e3o/ Resposta\r\nO vereador que esta subscreve vem solicitar que o Senhor Presidente da C\u00e2mara Municipal Jorge Garrocini para que se digne a colocar o presente Requerimento em aprecia\u00e7\u00e3o do plen\u00e1rio, sendo aprovado que seja enviado ao Chefe do Executivo para as devidas providencias, bem como o retorno a essa casa legislativa das informa\u00e7\u00f5es relativas aos procedimentos adotados.","indexacao":"","observacao":"","resultado":"","texto_original":"http://sapl.claraval.mg.leg.br/media/sapl/public/materialegislativa/2023/28/req_11_2023.pdf","data_ultima_atualizacao":"2023-06-19T12:26:40.395174-03:00","ip":"177.11.184.51","ultima_edicao":"2023-06-19T12:24:52.183340-03:00","tipo":4,"regime_tramitacao":1,"tipo_origem_externa":null,"local_origem_externa":null,"user":4,"anexadas":[],"autores":[15]}