{"id":46,"__str__":"PARECER - COFC n\u00ba 25 de 2023","link_detail_backend":"/materia/46","metadata":{},"numero":25,"ano":2023,"numero_protocolo":null,"data_apresentacao":"2023-07-10","tipo_apresentacao":"E","data_publicacao":null,"numero_origem_externa":"","ano_origem_externa":null,"data_origem_externa":null,"apelido":"","dias_prazo":null,"data_fim_prazo":null,"em_tramitacao":true,"polemica":false,"objeto":"","complementar":false,"ementa":"Acrescenta o art. 115-A na Lei Org\u00e2nica do Munic\u00edpio de Claraval, que institui o Or\u00e7amento Impositivo e disp\u00f5e sobre a execu\u00e7\u00e3o or\u00e7ament\u00e1ria e financeira da programa\u00e7\u00e3o inclu\u00edda por emendas individuais do Legislativo Municipal em Lei Or\u00e7ament\u00e1ria Anual.","indexacao":"","observacao":"","resultado":"","texto_original":"http://sapl.claraval.mg.leg.br/media/sapl/public/materialegislativa/2023/46/parecer_25_2023_fotc.pdf","data_ultima_atualizacao":"2023-07-05T16:16:01.957571-03:00","ip":"177.11.187.25","ultima_edicao":"2023-07-05T16:14:20.829991-03:00","tipo":14,"regime_tramitacao":1,"tipo_origem_externa":null,"local_origem_externa":null,"user":6,"anexadas":[],"autores":[]}