{"id":807,"__str__":"PROJETO DE LEI ORDIN\u00c1RIA n\u00ba 11 de 2015","link_detail_backend":"/materia/807","metadata":{},"numero":11,"ano":2015,"numero_protocolo":null,"data_apresentacao":"2015-12-07","tipo_apresentacao":"","data_publicacao":null,"numero_origem_externa":"","ano_origem_externa":null,"data_origem_externa":null,"apelido":"","dias_prazo":null,"data_fim_prazo":null,"em_tramitacao":false,"polemica":false,"objeto":"","complementar":false,"ementa":"\"Ratifica a Ades\u00e3o do Munic\u00edpio de Claraval, Est Minas Gerais,\r\nao Protocolo de Inten\u00e7\u00f5es do Cons\u00f3rcio P\u00fablico para o Desenvolvimento do Caf\u00e9 e d\u00e1 outras providencias.\"","indexacao":"","observacao":"","resultado":"","texto_original":"http://sapl.claraval.mg.leg.br/media/sapl/public/materialegislativa/2015/807/plo_011_2015.pdf","data_ultima_atualizacao":"2024-04-02T13:44:38.813830-03:00","ip":"177.11.185.25","ultima_edicao":"2024-04-02T13:42:31.038946-03:00","tipo":1,"regime_tramitacao":1,"tipo_origem_externa":null,"local_origem_externa":null,"user":4,"anexadas":[808,809],"autores":[]}