{"id":927,"__str__":"PROJETO DE LEI ORDIN\u00c1RIA n\u00ba 3 de 2018","link_detail_backend":"/materia/927","metadata":{},"numero":3,"ano":2018,"numero_protocolo":null,"data_apresentacao":"2018-02-21","tipo_apresentacao":"","data_publicacao":null,"numero_origem_externa":"","ano_origem_externa":null,"data_origem_externa":null,"apelido":"","dias_prazo":null,"data_fim_prazo":null,"em_tramitacao":false,"polemica":false,"objeto":"","complementar":false,"ementa":"\"Disp\u00f5e sobre altera\u00e7\u00e3o da Lei n\u00ba 660/91, que criou o Regime Jur\u00eddico \u00danico e o Estatuto dos Servidores P\u00fablicos do Munic\u00edpio de Claraval, das autarquias e funda\u00e7\u00f5es municipais, com a modifica\u00e7\u00e3o que lhe foi introduzida pela Lei n\u00ba 708/92.\u201d","indexacao":"","observacao":"","resultado":"","texto_original":"http://sapl.claraval.mg.leg.br/media/sapl/public/materialegislativa/2018/927/plo_003_2018.pdf","data_ultima_atualizacao":"2024-04-15T14:42:09.866927-03:00","ip":"177.11.187.31","ultima_edicao":"2024-04-15T14:38:49.897506-03:00","tipo":1,"regime_tramitacao":1,"tipo_origem_externa":null,"local_origem_externa":null,"user":4,"anexadas":[928,929],"autores":[]}