{"id":92,"__str__":"REQUERIMENTO n\u00ba 21 de 2023","link_detail_backend":"/materia/92","metadata":{},"numero":21,"ano":2023,"numero_protocolo":293,"data_apresentacao":"2023-09-18","tipo_apresentacao":"E","data_publicacao":null,"numero_origem_externa":"","ano_origem_externa":null,"data_origem_externa":null,"apelido":"","dias_prazo":null,"data_fim_prazo":null,"em_tramitacao":false,"polemica":false,"objeto":"","complementar":false,"ementa":"Solicita\u00e7\u00e3o de informa\u00e7\u00e3o sobre a Coloca\u00e7\u00e3o de auxiliar nas salas do pr\u00e9 I e pr\u00e9 II.","indexacao":"","observacao":"","resultado":"","texto_original":"http://sapl.claraval.mg.leg.br/media/sapl/public/materialegislativa/2023/92/requerimento_pre_escolar.docx","data_ultima_atualizacao":"2023-09-17T23:24:38.655580-03:00","ip":"177.11.184.185","ultima_edicao":"2023-09-17T23:24:38.653718-03:00","tipo":4,"regime_tramitacao":2,"tipo_origem_externa":null,"local_origem_externa":null,"user":9,"anexadas":[],"autores":[15]}