{"headers": {"id": "ID", "ano": "Ano", "numero": "N\u00famero", "tipo__sigla": "Tipo de Mat\u00e9ria Legislativa/Sigla", "tipo__descricao": "Tipo de Mat\u00e9ria Legislativa/Descri\u00e7\u00e3o", "autoria": "Autorias", "texto_original": "Texto Original", "ementa": "Ementa"}, "results": [{"id": "719", "ano": "2012", "numero": "4", "tipo__sigla": "PAR", "tipo__descricao": "PARECER - COFC", "autoria": "", "texto_original": "http://sapl.claraval.mg.leg.br/media/sapl/public/materialegislativa/2012/719/cfotc_04_12.pdf", "ementa": "\"D\u00e1 nova reda\u00e7\u00e3o e revoga dispositivos da Lei Complementar no 001/2009.\""}, {"id": "722", "ano": "2012", "numero": "5", "tipo__sigla": "PAR", "tipo__descricao": "PARECER - COFC", "autoria": "", "texto_original": "http://sapl.claraval.mg.leg.br/media/sapl/public/materialegislativa/2012/722/cfotc_05_12.pdf", "ementa": "\"Autoriza Baixa de bens inserv\u00edveis ao Patrim\u00f4nio P\u00fablico Municipal Local e d\u00e1 outras provid\u00eancias.\""}, {"id": "725", "ano": "2012", "numero": "10", "tipo__sigla": "PAR", "tipo__descricao": "PARECER - COFC", "autoria": "", "texto_original": "http://sapl.claraval.mg.leg.br/media/sapl/public/materialegislativa/2012/725/cfotc_010_12.pdf", "ementa": "\"CONCEDE REVIS\u00c3O GERAL DE SALARIO DOS SERVIDORES DO MUNIC\u00cdPIO E D\u00c1 OUTRAS PROVID\u00caNCIAS.\""}, {"id": "767", "ano": "2012", "numero": "15", "tipo__sigla": "PAR", "tipo__descricao": "PARECER - COFC", "autoria": "", "texto_original": "http://sapl.claraval.mg.leg.br/media/sapl/public/materialegislativa/2012/767/cfotc_015_12.pdf", "ementa": "\"Autoriza o munic\u00edpio de Claraval/MG participar do Cons\u00f3rcio Intermunicipal de Sa\u00fade para gerenciamento dos servi\u00e7os de atendimento de urg\u00eancia e emerg\u00eancia e a\u00e7\u00f5es de educa\u00e7\u00e3o permanente em urg\u00eancia e emerg\u00eancia - CISGEM, e d\u00e1 outras provid\u00eancias.\""}, {"id": "728", "ano": "2012", "numero": "16", "tipo__sigla": "PAR", "tipo__descricao": "PARECER - COFC", "autoria": "", "texto_original": "http://sapl.claraval.mg.leg.br/media/sapl/public/materialegislativa/2012/728/cfotc_016_12.pdf", "ementa": "\"DISP\u00d5E SOBRE ABERTURA DE CREDITO ADICIONAL SUPLEMENTAR, AS DOTA\u00c7\u00d5ES OR\u00c7AMENT\u00c1RIAS, E D\u00c1 OUTRAS PROVID\u00caNCIAS.\""}, {"id": "731", "ano": "2012", "numero": "19", "tipo__sigla": "PAR", "tipo__descricao": "PARECER - COFC", "autoria": "", "texto_original": "http://sapl.claraval.mg.leg.br/media/sapl/public/materialegislativa/2012/731/cfotc_019_12.pdf", "ementa": "\"DISP\u00d5E SOBRE ABERTURA DE CREDITO ADICIONAL SUPLEMENTAR, AS DOTA\u00c7\u00d5ES OR\u00c7AMENT\u00c1RIAS, E D\u00c1 OUTRAS PROVID\u00caNCIAS.\""}, {"id": "734", "ano": "2012", "numero": "20", "tipo__sigla": "PAR", "tipo__descricao": "PARECER - COFC", "autoria": "", "texto_original": "http://sapl.claraval.mg.leg.br/media/sapl/public/materialegislativa/2012/734/cfotc_020_12.pdf", "ementa": "\"CONCEDE AUMENTO DE SAL\u00c1RIO DO CARGO DE FARMAC\u00caUTICO DO MUNIC\u00cdPIO, E D\u00c1 OUTRAS PROVID\u00caNCIAS.\""}, {"id": "737", "ano": "2012", "numero": "21", "tipo__sigla": "PAR", "tipo__descricao": "PARECER - COFC", "autoria": "", "texto_original": "http://sapl.claraval.mg.leg.br/media/sapl/public/materialegislativa/2012/737/cfotc_021_12.pdf", "ementa": "\"DISP\u00d5E SOBRE A ABERTURA DE CR\u00c9DITO ESPECIAL DAS DOTA\u00c7\u00d5ES OR\u00c7AMENT\u00c1RIAS, E DA OUTRAS PROVID\u00caNCIAS.\""}, {"id": "740", "ano": "2012", "numero": "22", "tipo__sigla": "PAR", "tipo__descricao": "PARECER - COFC", "autoria": "", "texto_original": "http://sapl.claraval.mg.leg.br/media/sapl/public/materialegislativa/2012/740/cfotc_022_12.pdf", "ementa": "\"DISP\u00d5E SOBRE ABERTURA DE CREDITO ADICIONAL SUPLEMENTAR, AS DOTA\u00c7\u00d5ES OR\u00c7AMENT\u00c1RIAS, E D\u00c1 OUTRAS PROVID\u00caNCIAS.\""}, {"id": "771", "ano": "2012", "numero": "23", "tipo__sigla": "PAR", "tipo__descricao": "PARECER - COFC", "autoria": "", "texto_original": "http://sapl.claraval.mg.leg.br/media/sapl/public/materialegislativa/2012/771/cfotc_23_12.pdf", "ementa": "\"DISP\u00d5E SOBRE A INSTITUI\u00c7\u00c3O DO PISO SALARIAL PROFISSIONAL PARA OS PROFISSIONAIS DO MAGIST\u00c9RIO P\u00daBLICO DA EDUCA\u00c7\u00c3O B\u00c1SICA MUNICIPAL E D\u00c1 OUTRAS PROVIDENCIAS.\""}, {"id": "774", "ano": "2012", "numero": "24", "tipo__sigla": "PAR", "tipo__descricao": "PARECER - COFC", "autoria": "", "texto_original": "http://sapl.claraval.mg.leg.br/media/sapl/public/materialegislativa/2012/774/cfotc_024_12.pdf", "ementa": "\"Disp\u00f5e sobre a organiza\u00e7\u00e3o da Pol\u00edtica de Assist\u00eancia Social no munic\u00edpio e revoga as Leis Municipais N\u00bas 789 e 791 de 29/03/1996, e d\u00e1 outras providencias.\""}, {"id": "743", "ano": "2012", "numero": "25", "tipo__sigla": "PAR", "tipo__descricao": "PARECER - COFC", "autoria": "", "texto_original": "http://sapl.claraval.mg.leg.br/media/sapl/public/materialegislativa/2012/743/cfotc_025_12.pdf", "ementa": "\"AUTORIZA O MUNIC\u00cdPIO DE CLARAVAL A CELEBRAR CONVENIO DE COOPERA\u00c7\u00c3O COM O ESTADO DE MINAS GERAIS POR INTERM\u00c9DIO DA POL\u00cdCIA MILITAR DO ESTADO DE MINAS GERAIS 185\u00aa  CIA IND. MAT. E D\u00c1 OUTRAS PROVID\u00caNCIAS.\""}, {"id": "777", "ano": "2012", "numero": "29", "tipo__sigla": "PAR", "tipo__descricao": "PARECER - COFC", "autoria": "", "texto_original": "http://sapl.claraval.mg.leg.br/media/sapl/public/materialegislativa/2012/777/cfotc_029_12.pdf", "ementa": "\"Disp\u00f5e sobre a cria\u00e7\u00e3o de cargos e vagas no munic\u00edpio de Claraval - MG e d\u00e1 outras provid\u00eancias.\""}, {"id": "746", "ano": "2012", "numero": "30", "tipo__sigla": "PAR", "tipo__descricao": "PARECER - COFC", "autoria": "", "texto_original": "http://sapl.claraval.mg.leg.br/media/sapl/public/materialegislativa/2012/746/cfotc_030_12.pdf", "ementa": "\"DISP\u00d5E SOBRE CONTRATA\u00c7\u00c3O DE PESSOAL EM CAR\u00c1TER EXCEPCIONAL E TEMPOR\u00c1RIO E D\u00c1 OUTRAS PROVID\u00caNCIAS.\""}, {"id": "749", "ano": "2012", "numero": "31", "tipo__sigla": "PAR", "tipo__descricao": "PARECER - COFC", "autoria": "", "texto_original": "http://sapl.claraval.mg.leg.br/media/sapl/public/materialegislativa/2012/749/cfotc_031_12.pdf", "ementa": "\"MODIFICA O ARTIGO 8\u00ba  DA LEI 990/2003 DE 05 DE DEZEMBRO DE 2003, QUE DISP\u00d5E SOBRE POLITICA MUNICIPAL DE PROTE\u00c7\u00c3O, DEFESA E ATENDIMENTO DOS DIREITOS DA CRIAN\u00c7A E DO ADOLESCENTE, E REVOGA DISPOSI\u00c7\u00d5ES EM CONTR\u00c1RIO.\""}, {"id": "780", "ano": "2012", "numero": "32", "tipo__sigla": "PAR", "tipo__descricao": "PARECER - COFC", "autoria": "", "texto_original": "http://sapl.claraval.mg.leg.br/media/sapl/public/materialegislativa/2012/780/cfotc_032_12.pdf", "ementa": "\"DISP\u00d5E SOBRE ABERTURA DE CR\u00c9DITO ADICIONAL SUPLEMENTAR, \u00c0S DOTA\u00c7\u00d5ES OR\u00c7AMENT\u00c1RIAS, E D\u00c1 OUTRAS PROVID\u00caNCIAS.\""}, {"id": "752", "ano": "2012", "numero": "34", "tipo__sigla": "PAR", "tipo__descricao": "PARECER - COFC", "autoria": "", "texto_original": "http://sapl.claraval.mg.leg.br/media/sapl/public/materialegislativa/2012/752/cfotc_034_12.pdf", "ementa": "\"Altera a Lei Municipal n\u00ba 1.159, de 22 de dezembro de 2009, que disp\u00f5e sobre o Plano Plurianual para o per\u00edodo de 2010 a 2013.\""}, {"id": "755", "ano": "2012", "numero": "35", "tipo__sigla": "PAR", "tipo__descricao": "PARECER - COFC", "autoria": "", "texto_original": "http://sapl.claraval.mg.leg.br/media/sapl/public/materialegislativa/2012/755/cfotc_035_12.pdf", "ementa": "\"Altera a Lei Municipal n\u00ba 1.252, de 19 de junho de 2012 que disp\u00f5e sobre as diretrizes para a elabora\u00e7\u00e3o da proposta or\u00e7ament\u00e1ria para o exerc\u00edcio financeiro de 2013.\""}, {"id": "758", "ano": "2012", "numero": "39", "tipo__sigla": "PAR", "tipo__descricao": "PARECER - COFC", "autoria": "", "texto_original": "http://sapl.claraval.mg.leg.br/media/sapl/public/materialegislativa/2012/758/cfotc_039_12.pdf", "ementa": "\"AUTORIZA O MUNIC\u00cdPIO DE CLARAVAL A CELEBRAR CONTRATO DE COMODATO COM A EMPRESA STAR LIFE DO BRASIL INDUSTRIA E COMERCIO LTDA. - ME, E D\u00c1 OUTRAS PROVID\u00caNCIAS.\""}, {"id": "761", "ano": "2012", "numero": "40", "tipo__sigla": "PAR", "tipo__descricao": "PARECER - COFC", "autoria": "", "texto_original": "http://sapl.claraval.mg.leg.br/media/sapl/public/materialegislativa/2012/761/cfotc_40_12.pdf", "ementa": "\"DISP\u00d5E SOBRE DENOMINA\u00c7\u00c3O DO TREVO CHEGADA DE FRANCA A CLARAVAL, E D\u00c1 OUTRAS PROVID\u00caNCIAS.\""}, {"id": "764", "ano": "2012", "numero": "41", "tipo__sigla": "PAR", "tipo__descricao": "PARECER - COFC", "autoria": "", "texto_original": "http://sapl.claraval.mg.leg.br/media/sapl/public/materialegislativa/2012/764/cfotc_041_12.pdf", "ementa": "\"ACRESCENTA PARAGRAFO 3\u00ba E PARAGRAFO 4\u00ba AO ARTIGO 104 DA LEI 660/1991 DE 28 DE FEVEREIRO DE 1991, QUE DISP\u00d5E SOBRE O REGIME JUR\u00cdDICO \u00daNICO E O ESTATUTO DOS SERVIDORES P\u00daBLICOS DO MUNIC\u00cdPIO, DAS AUTARQUIAS E DAS FUNDA\u00c7\u00d5ES MUNICIPAIS, E REVOGA DISPOSI\u00c7\u00d5ES EM CONTR\u00c1RIO.\""}, {"id": "720", "ano": "2012", "numero": "4", "tipo__sigla": "PAR", "tipo__descricao": "PARECER - CCJR", "autoria": "", "texto_original": "http://sapl.claraval.mg.leg.br/media/sapl/public/materialegislativa/2012/720/cljrf_004_12.pdf", "ementa": "\"D\u00e1 nova reda\u00e7\u00e3o e revoga dispositivos da Lei Complementar no 001/2009.\""}, {"id": "723", "ano": "2012", "numero": "5", "tipo__sigla": "PAR", "tipo__descricao": "PARECER - CCJR", "autoria": "", "texto_original": "http://sapl.claraval.mg.leg.br/media/sapl/public/materialegislativa/2012/723/cljrf_005_12.pdf", "ementa": "\"Autoriza Baixa de bens inserv\u00edveis ao Patrim\u00f4nio P\u00fablico Municipal Local e d\u00e1 outras provid\u00eancias.\""}, {"id": "726", "ano": "2012", "numero": "10", "tipo__sigla": "PAR", "tipo__descricao": "PARECER - CCJR", "autoria": "", "texto_original": "http://sapl.claraval.mg.leg.br/media/sapl/public/materialegislativa/2012/726/cljrf_010_12.pdf", "ementa": "\"CONCEDE REVIS\u00c3O GERAL DE SALARIO DOS SERVIDORES DO MUNIC\u00cdPIO E D\u00c1 OUTRAS PROVID\u00caNCIAS.\""}, {"id": "768", "ano": "2012", "numero": "15", "tipo__sigla": "PAR", "tipo__descricao": "PARECER - CCJR", "autoria": "", "texto_original": "http://sapl.claraval.mg.leg.br/media/sapl/public/materialegislativa/2012/768/cljrf_015_12.pdf", "ementa": "\"Autoriza o munic\u00edpio de Claraval/MG participar do Cons\u00f3rcio Intermunicipal de Sa\u00fade para gerenciamento dos servi\u00e7os de atendimento de urg\u00eancia e emerg\u00eancia e a\u00e7\u00f5es de educa\u00e7\u00e3o permanente em urg\u00eancia e emerg\u00eancia - CISGEM, e d\u00e1 outras provid\u00eancias.\""}, {"id": "729", "ano": "2012", "numero": "16", "tipo__sigla": "PAR", "tipo__descricao": "PARECER - CCJR", "autoria": "", "texto_original": "http://sapl.claraval.mg.leg.br/media/sapl/public/materialegislativa/2012/729/cljrf_016_12.pdf", "ementa": "\"DISP\u00d5E SOBRE ABERTURA DE CREDITO ADICIONAL SUPLEMENTAR, AS DOTA\u00c7\u00d5ES OR\u00c7AMENT\u00c1RIAS, E D\u00c1 OUTRAS PROVID\u00caNCIAS.\""}, {"id": "732", "ano": "2012", "numero": "19", "tipo__sigla": "PAR", "tipo__descricao": "PARECER - CCJR", "autoria": "", "texto_original": "http://sapl.claraval.mg.leg.br/media/sapl/public/materialegislativa/2012/732/cljrf_019_12.pdf", "ementa": "\"DISP\u00d5E SOBRE ABERTURA DE CREDITO ADICIONAL SUPLEMENTAR, AS DOTA\u00c7\u00d5ES OR\u00c7AMENT\u00c1RIAS, E D\u00c1 OUTRAS PROVID\u00caNCIAS.\""}, {"id": "735", "ano": "2012", "numero": "20", "tipo__sigla": "PAR", "tipo__descricao": "PARECER - CCJR", "autoria": "", "texto_original": "http://sapl.claraval.mg.leg.br/media/sapl/public/materialegislativa/2012/735/cljrf_020_12.pdf", "ementa": "\"CONCEDE AUMENTO DE SAL\u00c1RIO DO CARGO DE FARMAC\u00caUTICO DO MUNIC\u00cdPIO, E D\u00c1 OUTRAS PROVID\u00caNCIAS.\""}, {"id": "738", "ano": "2012", "numero": "21", "tipo__sigla": "PAR", "tipo__descricao": "PARECER - CCJR", "autoria": "", "texto_original": "http://sapl.claraval.mg.leg.br/media/sapl/public/materialegislativa/2012/738/cljrf_021_12.pdf", "ementa": "\"DISP\u00d5E SOBRE A ABERTURA DE CR\u00c9DITO ESPECIAL DAS DOTA\u00c7\u00d5ES OR\u00c7AMENT\u00c1RIAS, E DA OUTRAS PROVID\u00caNCIAS.\""}, {"id": "741", "ano": "2012", "numero": "22", "tipo__sigla": "PAR", "tipo__descricao": "PARECER - CCJR", "autoria": "", "texto_original": "http://sapl.claraval.mg.leg.br/media/sapl/public/materialegislativa/2012/741/cljrf_022_12.pdf", "ementa": "\"DISP\u00d5E SOBRE ABERTURA DE CREDITO ADICIONAL SUPLEMENTAR, AS DOTA\u00c7\u00d5ES OR\u00c7AMENT\u00c1RIAS, E D\u00c1 OUTRAS PROVID\u00caNCIAS.\""}, {"id": "770", "ano": "2012", "numero": "23", "tipo__sigla": "PAR", "tipo__descricao": "PARECER - CCJR", "autoria": "", "texto_original": "http://sapl.claraval.mg.leg.br/media/sapl/public/materialegislativa/2012/770/cljrf_023_12.pdf", "ementa": "\"DISP\u00d5E SOBRE A INSTITUI\u00c7\u00c3O DO PISO SALARIAL PROFISSIONAL PARA OS PROFISSIONAIS DO MAGIST\u00c9RIO P\u00daBLICO DA EDUCA\u00c7\u00c3O B\u00c1SICA MUNICIPAL E D\u00c1 OUTRAS PROVIDENCIAS.\""}, {"id": "773", "ano": "2012", "numero": "24", "tipo__sigla": "PAR", "tipo__descricao": "PARECER - CCJR", "autoria": "", "texto_original": "http://sapl.claraval.mg.leg.br/media/sapl/public/materialegislativa/2012/773/cljrf_024_12.pdf", "ementa": "\"Disp\u00f5e sobre a organiza\u00e7\u00e3o da Pol\u00edtica de Assist\u00eancia Social no munic\u00edpio e revoga as Leis Municipais N\u00bas 789 e 791 de 29/03/1996, e d\u00e1 outras providencias.\""}, {"id": "744", "ano": "2012", "numero": "25", "tipo__sigla": "PAR", "tipo__descricao": "PARECER - CCJR", "autoria": "", "texto_original": "http://sapl.claraval.mg.leg.br/media/sapl/public/materialegislativa/2012/744/cljrf_025_12.pdf", "ementa": "\"AUTORIZA O MUNIC\u00cdPIO DE CLARAVAL A CELEBRAR CONVENIO DE COOPERA\u00c7\u00c3O COM O ESTADO DE MINAS GERAIS POR INTERM\u00c9DIO DA POL\u00cdCIA MILITAR DO ESTADO DE MINAS GERAIS 185\u00aa  CIA IND. MAT. E D\u00c1 OUTRAS PROVID\u00caNCIAS.\""}, {"id": "776", "ano": "2012", "numero": "29", "tipo__sigla": "PAR", "tipo__descricao": "PARECER - CCJR", "autoria": "", "texto_original": "http://sapl.claraval.mg.leg.br/media/sapl/public/materialegislativa/2012/776/cljrf_029_12.pdf", "ementa": "\"Disp\u00f5e sobre a cria\u00e7\u00e3o de cargos e vagas no munic\u00edpio de Claraval - MG e d\u00e1 outras provid\u00eancias.\""}, {"id": "747", "ano": "2012", "numero": "30", "tipo__sigla": "PAR", "tipo__descricao": "PARECER - CCJR", "autoria": "", "texto_original": "http://sapl.claraval.mg.leg.br/media/sapl/public/materialegislativa/2012/747/cljrf_030_12.pdf", "ementa": "\"DISP\u00d5E SOBRE CONTRATA\u00c7\u00c3O DE PESSOAL EM CAR\u00c1TER EXCEPCIONAL E TEMPOR\u00c1RIO E D\u00c1 OUTRAS PROVID\u00caNCIAS.\""}, {"id": "750", "ano": "2012", "numero": "31", "tipo__sigla": "PAR", "tipo__descricao": "PARECER - CCJR", "autoria": "", "texto_original": "http://sapl.claraval.mg.leg.br/media/sapl/public/materialegislativa/2012/750/cljrf_031_12.pdf", "ementa": "\"MODIFICA O ARTIGO 8\u00ba  DA LEI 990/2003 DE 05 DE DEZEMBRO DE 2003, QUE DISP\u00d5E SOBRE POLITICA MUNICIPAL DE PROTE\u00c7\u00c3O, DEFESA E ATENDIMENTO DOS DIREITOS DA CRIAN\u00c7A E DO ADOLESCENTE, E REVOGA DISPOSI\u00c7\u00d5ES EM CONTR\u00c1RIO.\""}, {"id": "779", "ano": "2012", "numero": "33", "tipo__sigla": "PAR", "tipo__descricao": "PARECER - CCJR", "autoria": "", "texto_original": "http://sapl.claraval.mg.leg.br/media/sapl/public/materialegislativa/2012/779/cljrf_033_12.pdf", "ementa": "\"DISP\u00d5E SOBRE ABERTURA DE CR\u00c9DITO ADICIONAL SUPLEMENTAR, \u00c0S DOTA\u00c7\u00d5ES OR\u00c7AMENT\u00c1RIAS, E D\u00c1 OUTRAS PROVID\u00caNCIAS.\""}, {"id": "753", "ano": "2012", "numero": "35", "tipo__sigla": "PAR", "tipo__descricao": "PARECER - CCJR", "autoria": "", "texto_original": "http://sapl.claraval.mg.leg.br/media/sapl/public/materialegislativa/2012/753/cljrf_035_12.pdf", "ementa": "\"Altera a Lei Municipal n\u00ba 1.159, de 22 de dezembro de 2009, que disp\u00f5e sobre o Plano Plurianual para o per\u00edodo de 2010 a 2013.\""}, {"id": "756", "ano": "2012", "numero": "36", "tipo__sigla": "PAR", "tipo__descricao": "PARECER - CCJR", "autoria": "", "texto_original": "http://sapl.claraval.mg.leg.br/media/sapl/public/materialegislativa/2012/756/cljrf_036_12.pdf", "ementa": "\"Altera a Lei Municipal n\u00ba 1.252, de 19 de junho de 2012 que disp\u00f5e sobre as diretrizes para a elabora\u00e7\u00e3o da proposta or\u00e7ament\u00e1ria para o exerc\u00edcio financeiro de 2013.\""}, {"id": "759", "ano": "2012", "numero": "40", "tipo__sigla": "PAR", "tipo__descricao": "PARECER - CCJR", "autoria": "", "texto_original": "http://sapl.claraval.mg.leg.br/media/sapl/public/materialegislativa/2012/759/cljrf_040_12.pdf", "ementa": "\"AUTORIZA O MUNIC\u00cdPIO DE CLARAVAL A CELEBRAR CONTRATO DE COMODATO COM A EMPRESA STAR LIFE DO BRASIL INDUSTRIA E COMERCIO LTDA. - ME, E D\u00c1 OUTRAS PROVID\u00caNCIAS.\""}, {"id": "762", "ano": "2012", "numero": "41", "tipo__sigla": "PAR", "tipo__descricao": "PARECER - CCJR", "autoria": "", "texto_original": "http://sapl.claraval.mg.leg.br/media/sapl/public/materialegislativa/2012/762/cljrf_041_12.pdf", "ementa": "\"DISP\u00d5E SOBRE DENOMINA\u00c7\u00c3O DO TREVO CHEGADA DE FRANCA A CLARAVAL, E D\u00c1 OUTRAS PROVID\u00caNCIAS.\""}, {"id": "765", "ano": "2012", "numero": "42", "tipo__sigla": "PAR", "tipo__descricao": "PARECER - CCJR", "autoria": "", "texto_original": "http://sapl.claraval.mg.leg.br/media/sapl/public/materialegislativa/2012/765/cljrf_042_12.pdf", "ementa": "\"ACRESCENTA PARAGRAFO 3\u00ba E PARAGRAFO 4\u00ba AO ARTIGO 104 DA LEI 660/1991 DE 28 DE FEVEREIRO DE 1991, QUE DISP\u00d5E SOBRE O REGIME JUR\u00cdDICO \u00daNICO E O ESTATUTO DOS SERVIDORES P\u00daBLICOS DO MUNIC\u00cdPIO, DAS AUTARQUIAS E DAS FUNDA\u00c7\u00d5ES MUNICIPAIS, E REVOGA DISPOSI\u00c7\u00d5ES EM CONTR\u00c1RIO.\""}, {"id": "721", "ano": "2012", "numero": "1", "tipo__sigla": "PLO", "tipo__descricao": "PROJETO DE LEI ORDIN\u00c1RIA", "autoria": "", "texto_original": "http://sapl.claraval.mg.leg.br/media/sapl/public/materialegislativa/2012/721/plo_01_2012.pdf", "ementa": "\"Autoriza Baixa de bens inserv\u00edveis ao Patrim\u00f4nio P\u00fablico Municipal Local e d\u00e1 outras provid\u00eancias.\""}, {"id": "766", "ano": "2012", "numero": "2", "tipo__sigla": "PLO", "tipo__descricao": "PROJETO DE LEI ORDIN\u00c1RIA", "autoria": "", "texto_original": "http://sapl.claraval.mg.leg.br/media/sapl/public/materialegislativa/2012/766/plo_02_2012.pdf", "ementa": "\"Autoriza o munic\u00edpio de Claraval/MG participar do Cons\u00f3rcio Intermunicipal de Sa\u00fade para gerenciamento dos servi\u00e7os de atendimento de urg\u00eancia e emerg\u00eancia e a\u00e7\u00f5es de educa\u00e7\u00e3o permanente em urg\u00eancia e emerg\u00eancia - CISGEM, e d\u00e1 outras provid\u00eancias.\""}, {"id": "724", "ano": "2012", "numero": "5", "tipo__sigla": "PLO", "tipo__descricao": "PROJETO DE LEI ORDIN\u00c1RIA", "autoria": "", "texto_original": "http://sapl.claraval.mg.leg.br/media/sapl/public/materialegislativa/2012/724/plo_05_2012.pdf", "ementa": "\"CONCEDE REVIS\u00c3O GERAL DE SALARIO DOS SERVIDORES DO MUNIC\u00cdPIO E D\u00c1 OUTRAS PROVID\u00caNCIAS.\""}, {"id": "727", "ano": "2012", "numero": "6", "tipo__sigla": "PLO", "tipo__descricao": "PROJETO DE LEI ORDIN\u00c1RIA", "autoria": "", "texto_original": "http://sapl.claraval.mg.leg.br/media/sapl/public/materialegislativa/2012/727/plo_06_2012.pdf", "ementa": "\"DISP\u00d5E SOBRE ABERTURA DE CREDITO ADICIONAL SUPLEMENTAR, AS DOTA\u00c7\u00d5ES OR\u00c7AMENT\u00c1RIAS, E D\u00c1 OUTRAS PROVID\u00caNCIAS.\""}, {"id": "730", "ano": "2012", "numero": "7", "tipo__sigla": "PLO", "tipo__descricao": "PROJETO DE LEI ORDIN\u00c1RIA", "autoria": "", "texto_original": "http://sapl.claraval.mg.leg.br/media/sapl/public/materialegislativa/2012/730/plo_07_2012.pdf", "ementa": "\"DISP\u00d5E SOBRE ABERTURA DE CREDITO ADICIONAL SUPLEMENTAR, AS DOTA\u00c7\u00d5ES OR\u00c7AMENT\u00c1RIAS, E D\u00c1 OUTRAS PROVID\u00caNCIAS.\""}, {"id": "733", "ano": "2012", "numero": "8", "tipo__sigla": "PLO", "tipo__descricao": "PROJETO DE LEI ORDIN\u00c1RIA", "autoria": "", "texto_original": "http://sapl.claraval.mg.leg.br/media/sapl/public/materialegislativa/2012/733/plo_08_2012.pdf", "ementa": "\"CONCEDE AUMENTO DE SAL\u00c1RIO DO CARGO DE FARMAC\u00caUTICO DO MUNIC\u00cdPIO, E D\u00c1 OUTRAS PROVID\u00caNCIAS.\""}, {"id": "736", "ano": "2012", "numero": "9", "tipo__sigla": "PLO", "tipo__descricao": "PROJETO DE LEI ORDIN\u00c1RIA", "autoria": "", "texto_original": "http://sapl.claraval.mg.leg.br/media/sapl/public/materialegislativa/2012/736/plo_09_2012.pdf", "ementa": "\"DISP\u00d5E SOBRE A ABERTURA DE CR\u00c9DITO ESPECIAL DAS DOTA\u00c7\u00d5ES OR\u00c7AMENT\u00c1RIAS, E DA OUTRAS PROVID\u00caNCIAS.\""}, {"id": "739", "ano": "2012", "numero": "10", "tipo__sigla": "PLO", "tipo__descricao": "PROJETO DE LEI ORDIN\u00c1RIA", "autoria": "", "texto_original": "http://sapl.claraval.mg.leg.br/media/sapl/public/materialegislativa/2012/739/plo_10_2012.pdf", "ementa": "\"DISP\u00d5E SOBRE ABERTURA DE CREDITO ADICIONAL SUPLEMENTAR, AS DOTA\u00c7\u00d5ES OR\u00c7AMENT\u00c1RIAS, E D\u00c1 OUTRAS PROVID\u00caNCIAS.\""}, {"id": "769", "ano": "2012", "numero": "11", "tipo__sigla": "PLO", "tipo__descricao": "PROJETO DE LEI ORDIN\u00c1RIA", "autoria": "", "texto_original": "http://sapl.claraval.mg.leg.br/media/sapl/public/materialegislativa/2012/769/plo_011_2012.pdf", "ementa": "\"DISP\u00d5E SOBRE A INSTITUI\u00c7\u00c3O DO PISO SALARIAL PROFISSIONAL PARA OS PROFISSIONAIS DO MAGIST\u00c9RIO P\u00daBLICO DA EDUCA\u00c7\u00c3O B\u00c1SICA MUNICIPAL E D\u00c1 OUTRAS PROVIDENCIAS.\""}, {"id": "772", "ano": "2012", "numero": "12", "tipo__sigla": "PLO", "tipo__descricao": "PROJETO DE LEI ORDIN\u00c1RIA", "autoria": "", "texto_original": "http://sapl.claraval.mg.leg.br/media/sapl/public/materialegislativa/2012/772/plo_012_2012.pdf", "ementa": "\"Disp\u00f5e sobre a organiza\u00e7\u00e3o da Pol\u00edtica de Assist\u00eancia Social no munic\u00edpio e revoga as Leis Municipais N\u00bas 789 e 791 de 29/03/1996, e d\u00e1 outras providencias.\""}, {"id": "742", "ano": "2012", "numero": "13", "tipo__sigla": "PLO", "tipo__descricao": "PROJETO DE LEI ORDIN\u00c1RIA", "autoria": "", "texto_original": "http://sapl.claraval.mg.leg.br/media/sapl/public/materialegislativa/2012/742/plo_013_2012.pdf", "ementa": "\"AUTORIZA O MUNIC\u00cdPIO DE CLARAVAL A CELEBRAR CONVENIO DE COOPERA\u00c7\u00c3O COM O ESTADO DE MINAS GERAIS POR INTERM\u00c9DIO DA POL\u00cdCIA MILITAR DO ESTADO DE MINAS GERAIS 185\u00aa  CIA IND. MAT. E D\u00c1 OUTRAS PROVID\u00caNCIAS.\""}, {"id": "775", "ano": "2012", "numero": "14", "tipo__sigla": "PLO", "tipo__descricao": "PROJETO DE LEI ORDIN\u00c1RIA", "autoria": "", "texto_original": "http://sapl.claraval.mg.leg.br/media/sapl/public/materialegislativa/2012/775/plo_014_2012.pdf", "ementa": "\"Disp\u00f5e sobre a cria\u00e7\u00e3o de cargos e vagas no munic\u00edpio de Claraval - MG e d\u00e1 outras provid\u00eancias.\""}, {"id": "745", "ano": "2012", "numero": "15", "tipo__sigla": "PLO", "tipo__descricao": "PROJETO DE LEI ORDIN\u00c1RIA", "autoria": "", "texto_original": "http://sapl.claraval.mg.leg.br/media/sapl/public/materialegislativa/2012/745/plo_015_2012.pdf", "ementa": "\"DISP\u00d5E SOBRE CONTRATA\u00c7\u00c3O DE PESSOAL EM CAR\u00c1TER EXCEPCIONAL E TEMPOR\u00c1RIO E D\u00c1 OUTRAS PROVID\u00caNCIAS.\""}, {"id": "748", "ano": "2012", "numero": "16", "tipo__sigla": "PLO", "tipo__descricao": "PROJETO DE LEI ORDIN\u00c1RIA", "autoria": "", "texto_original": "http://sapl.claraval.mg.leg.br/media/sapl/public/materialegislativa/2012/748/plo_016_2012.pdf", "ementa": "\"MODIFICA O ARTIGO 8\u00ba  DA LEI 990/2003 DE 05 DE DEZEMBRO DE 2003, QUE DISP\u00d5E SOBRE POLITICA MUNICIPAL DE PROTE\u00c7\u00c3O, DEFESA E ATENDIMENTO DOS DIREITOS DA CRIAN\u00c7A E DO ADOLESCENTE, E REVOGA DISPOSI\u00c7\u00d5ES EM CONTR\u00c1RIO.\""}, {"id": "778", "ano": "2012", "numero": "17", "tipo__sigla": "PLO", "tipo__descricao": "PROJETO DE LEI ORDIN\u00c1RIA", "autoria": "", "texto_original": "http://sapl.claraval.mg.leg.br/media/sapl/public/materialegislativa/2012/778/plo_017_2012.pdf", "ementa": "\"DISP\u00d5E SOBRE ABERTURA DE CR\u00c9DITO ADICIONAL SUPLEMENTAR, \u00c0S DOTA\u00c7\u00d5ES OR\u00c7AMENT\u00c1RIAS, E D\u00c1 OUTRAS PROVID\u00caNCIAS.\""}, {"id": "751", "ano": "2012", "numero": "18", "tipo__sigla": "PLO", "tipo__descricao": "PROJETO DE LEI ORDIN\u00c1RIA", "autoria": "", "texto_original": "http://sapl.claraval.mg.leg.br/media/sapl/public/materialegislativa/2012/751/plo_018_2012.pdf", "ementa": "\"Altera a Lei Municipal n\u00ba 1.159, de 22 de dezembro de 2009, que disp\u00f5e sobre o Plano Plurianual para o per\u00edodo de 2010 a 2013.\""}, {"id": "754", "ano": "2012", "numero": "19", "tipo__sigla": "PLO", "tipo__descricao": "PROJETO DE LEI ORDIN\u00c1RIA", "autoria": "", "texto_original": "http://sapl.claraval.mg.leg.br/media/sapl/public/materialegislativa/2012/754/plo_019_2012.pdf", "ementa": "\"Altera a Lei Municipal n\u00ba 1.252, de 19 de junho de 2012 que disp\u00f5e sobre as diretrizes para a elabora\u00e7\u00e3o da proposta or\u00e7ament\u00e1ria para o exerc\u00edcio financeiro de 2013.\""}, {"id": "757", "ano": "2012", "numero": "21", "tipo__sigla": "PLO", "tipo__descricao": "PROJETO DE LEI ORDIN\u00c1RIA", "autoria": "", "texto_original": "http://sapl.claraval.mg.leg.br/media/sapl/public/materialegislativa/2012/757/plo_021_2012.pdf", "ementa": "\"AUTORIZA O MUNIC\u00cdPIO DE CLARAVAL A CELEBRAR CONTRATO DE COMODATO COM A EMPRESA STAR LIFE DO BRASIL INDUSTRIA E COMERCIO LTDA. - ME, E D\u00c1 OUTRAS PROVID\u00caNCIAS.\""}, {"id": "760", "ano": "2012", "numero": "22", "tipo__sigla": "PLO", "tipo__descricao": "PROJETO DE LEI ORDIN\u00c1RIA", "autoria": "", "texto_original": "http://sapl.claraval.mg.leg.br/media/sapl/public/materialegislativa/2012/760/plo_012_2012.pdf", "ementa": "\"DISP\u00d5E SOBRE DENOMINA\u00c7\u00c3O DO TREVO CHEGADA DE FRANCA A CLARAVAL, E D\u00c1 OUTRAS PROVID\u00caNCIAS.\""}, {"id": "763", "ano": "2012", "numero": "23", "tipo__sigla": "PLO", "tipo__descricao": "PROJETO DE LEI ORDIN\u00c1RIA", "autoria": "", "texto_original": "http://sapl.claraval.mg.leg.br/media/sapl/public/materialegislativa/2012/763/plo_023_2012.pdf", "ementa": "\"ACRESCENTA PARAGRAFO 3\u00ba E PARAGRAFO 4\u00ba AO ARTIGO 104 DA LEI 660/1991 DE 28 DE FEVEREIRO DE 1991, QUE DISP\u00d5E SOBRE O REGIME JUR\u00cdDICO \u00daNICO E O ESTATUTO DOS SERVIDORES P\u00daBLICOS DO MUNIC\u00cdPIO, DAS AUTARQUIAS E DAS FUNDA\u00c7\u00d5ES MUNICIPAIS, E REVOGA DISPOSI\u00c7\u00d5ES EM CONTR\u00c1RIO.\""}, {"id": "718", "ano": "2012", "numero": "1", "tipo__sigla": "PLC", "tipo__descricao": "PROJETO DE LEI COMPLEMENTAR", "autoria": "", "texto_original": "http://sapl.claraval.mg.leg.br/media/sapl/public/materialegislativa/2012/718/plc_01_2012.pdf", "ementa": "\"D\u00e1 nova reda\u00e7\u00e3o e revoga dispositivos da Lei Complementar n\u00ba 001/2009.\""}, {"id": "166", "ano": "2012", "numero": "1", "tipo__sigla": "ASLO", "tipo__descricao": "ATA SESS\u00c3O LEGISLATIVA ORDIN\u00c1RIA", "autoria": "Plen\u00e1rio da C\u00e2mara Municipal de Claraval - PlenCMC", "texto_original": "http://sapl.claraval.mg.leg.br/media/sapl/public/materialegislativa/2012/166/ata_1a_ord_2012.pdf", "ementa": "\"Ata 1\u00aa Reuni\u00e3o Ordin\u00e1ria de 2012.\""}, {"id": "172", "ano": "2012", "numero": "2", "tipo__sigla": "ASLO", "tipo__descricao": "ATA SESS\u00c3O LEGISLATIVA ORDIN\u00c1RIA", "autoria": "Mesa Diretora da C\u00e2mara Municipal de Claraval - MDC", "texto_original": "http://sapl.claraval.mg.leg.br/media/sapl/public/materialegislativa/2012/172/ata_2a_ord_2012.pdf", "ementa": "\"Ata 2\u00aa Reuni\u00e3o Ordin\u00e1ria de 2012.\""}, {"id": "178", "ano": "2012", "numero": "3", "tipo__sigla": "ASLO", "tipo__descricao": "ATA SESS\u00c3O LEGISLATIVA ORDIN\u00c1RIA", "autoria": "Mesa Diretora da C\u00e2mara Municipal de Claraval - MDC", "texto_original": "http://sapl.claraval.mg.leg.br/media/sapl/public/materialegislativa/2012/178/ata_3a_ord_2012.pdf", "ementa": "\"Ata 3\u00aa Reuni\u00e3o Ordin\u00e1ria de 2012.\""}, {"id": "184", "ano": "2012", "numero": "4", "tipo__sigla": "ASLO", "tipo__descricao": "ATA SESS\u00c3O LEGISLATIVA ORDIN\u00c1RIA", "autoria": "Mesa Diretora da C\u00e2mara Municipal de Claraval - MDC", "texto_original": "http://sapl.claraval.mg.leg.br/media/sapl/public/materialegislativa/2012/184/ata_4a_ord_2012.pdf", "ementa": "\"Ata 4\u00aa Reuni\u00e3o Ordin\u00e1ria de 2012.\""}, {"id": "190", "ano": "2012", "numero": "5", "tipo__sigla": "ASLO", "tipo__descricao": "ATA SESS\u00c3O LEGISLATIVA ORDIN\u00c1RIA", "autoria": "Mesa Diretora da C\u00e2mara Municipal de Claraval - MDC", "texto_original": "http://sapl.claraval.mg.leg.br/media/sapl/public/materialegislativa/2012/190/ata_5a_ord_2012.pdf", "ementa": "\"Ata 5\u00aa Reuni\u00e3o Ordin\u00e1ria de 2012.\""}, {"id": "196", "ano": "2012", "numero": "6", "tipo__sigla": "ASLO", "tipo__descricao": "ATA SESS\u00c3O LEGISLATIVA ORDIN\u00c1RIA", "autoria": "Plen\u00e1rio da C\u00e2mara Municipal de Claraval - PlenCMC", "texto_original": "http://sapl.claraval.mg.leg.br/media/sapl/public/materialegislativa/2012/196/ata_6a_ord_2012.pdf", "ementa": "\"Ata 6\u00aa Reuni\u00e3o Ordin\u00e1ria de 2012.\""}, {"id": "202", "ano": "2012", "numero": "7", "tipo__sigla": "ASLO", "tipo__descricao": "ATA SESS\u00c3O LEGISLATIVA ORDIN\u00c1RIA", "autoria": "Plen\u00e1rio da C\u00e2mara Municipal de Claraval - PlenCMC", "texto_original": "http://sapl.claraval.mg.leg.br/media/sapl/public/materialegislativa/2012/202/ata_7a_ord_2012.pdf", "ementa": "\"Ata 7\u00aa Reuni\u00e3o Ordin\u00e1ria de 2012.\""}, {"id": "208", "ano": "2012", "numero": "8", "tipo__sigla": "ASLO", "tipo__descricao": "ATA SESS\u00c3O LEGISLATIVA ORDIN\u00c1RIA", "autoria": "Plen\u00e1rio da C\u00e2mara Municipal de Claraval - PlenCMC", "texto_original": "http://sapl.claraval.mg.leg.br/media/sapl/public/materialegislativa/2012/208/ata_8a_ord_2012.pdf", "ementa": "\"Ata 8\u00aa Reuni\u00e3o Ordin\u00e1ria do ano de 2012.\""}, {"id": "219", "ano": "2012", "numero": "10", "tipo__sigla": "ASLO", "tipo__descricao": "ATA SESS\u00c3O LEGISLATIVA ORDIN\u00c1RIA", "autoria": "Plen\u00e1rio da C\u00e2mara Municipal de Claraval - PlenCMC", "texto_original": "http://sapl.claraval.mg.leg.br/media/sapl/public/materialegislativa/2012/219/ata_10a_ord_2012.pdf", "ementa": "\"Ata 10\u00aa Sess\u00e3o Ordin\u00e1ria de 2012.\""}, {"id": "163", "ano": "2012", "numero": "1", "tipo__sigla": "ASLE", "tipo__descricao": "ATA SESS\u00c3O LEGISLATIVA EXTRAORDIN\u00c1RIA", "autoria": "Plen\u00e1rio da C\u00e2mara Municipal de Claraval - PlenCMC", "texto_original": "http://sapl.claraval.mg.leg.br/media/sapl/public/materialegislativa/2012/163/ata_1a_ext_2012.pdf", "ementa": "\"Ata 1\u00aa Reuni\u00e3o Extraordin\u00e1ria de 2012.\""}, {"id": "169", "ano": "2012", "numero": "2", "tipo__sigla": "ASLE", "tipo__descricao": "ATA SESS\u00c3O LEGISLATIVA EXTRAORDIN\u00c1RIA", "autoria": "Mesa Diretora da C\u00e2mara Municipal de Claraval - MDC", "texto_original": "http://sapl.claraval.mg.leg.br/media/sapl/public/materialegislativa/2012/169/ata_2a_ext_2012.pdf", "ementa": "\"Ata 2\u00aa Reuni\u00e3o Extraordin\u00e1ria de 2012.\""}, {"id": "175", "ano": "2012", "numero": "3", "tipo__sigla": "ASLE", "tipo__descricao": "ATA SESS\u00c3O LEGISLATIVA EXTRAORDIN\u00c1RIA", "autoria": "Mesa Diretora da C\u00e2mara Municipal de Claraval - MDC", "texto_original": "http://sapl.claraval.mg.leg.br/media/sapl/public/materialegislativa/2012/175/ata_3a_ext_2012.pdf", "ementa": "\"Ata 3\u00aa Reuni\u00e3o Extraordin\u00e1ria de 2012.\""}, {"id": "181", "ano": "2012", "numero": "4", "tipo__sigla": "ASLE", "tipo__descricao": "ATA SESS\u00c3O LEGISLATIVA EXTRAORDIN\u00c1RIA", "autoria": "Plen\u00e1rio da C\u00e2mara Municipal de Claraval - PlenCMC", "texto_original": "http://sapl.claraval.mg.leg.br/media/sapl/public/materialegislativa/2012/181/ata_4a_ext_2012.pdf", "ementa": "\"Ata 4\u00aa Reuni\u00e3o Extraordin\u00e1ria de 2012.\""}, {"id": "187", "ano": "2012", "numero": "5", "tipo__sigla": "ASLE", "tipo__descricao": "ATA SESS\u00c3O LEGISLATIVA EXTRAORDIN\u00c1RIA", "autoria": "Mesa Diretora da C\u00e2mara Municipal de Claraval - MDC", "texto_original": "http://sapl.claraval.mg.leg.br/media/sapl/public/materialegislativa/2012/187/ata_5a_ext_2012.pdf", "ementa": "\"Ata 5\u00aa Reuni\u00e3o Extraordin\u00e1ria de 2012.\""}, {"id": "193", "ano": "2012", "numero": "6", "tipo__sigla": "ASLE", "tipo__descricao": "ATA SESS\u00c3O LEGISLATIVA EXTRAORDIN\u00c1RIA", "autoria": "Mesa Diretora da C\u00e2mara Municipal de Claraval - MDC", "texto_original": "http://sapl.claraval.mg.leg.br/media/sapl/public/materialegislativa/2012/193/ata_6a_ext_2012.pdf", "ementa": "\"Ata 6\u00aa Reuni\u00e3o Extraordin\u00e1ria de 2012.\""}, {"id": "199", "ano": "2012", "numero": "7", "tipo__sigla": "ASLE", "tipo__descricao": "ATA SESS\u00c3O LEGISLATIVA EXTRAORDIN\u00c1RIA", "autoria": "Plen\u00e1rio da C\u00e2mara Municipal de Claraval - PlenCMC", "texto_original": "http://sapl.claraval.mg.leg.br/media/sapl/public/materialegislativa/2012/199/ata_7a_ext_2012.pdf", "ementa": "\"Ata 7\u00aa Reuni\u00e3o Extraordin\u00e1ria de 2012.\""}, {"id": "205", "ano": "2012", "numero": "8", "tipo__sigla": "ASLE", "tipo__descricao": "ATA SESS\u00c3O LEGISLATIVA EXTRAORDIN\u00c1RIA", "autoria": "Plen\u00e1rio da C\u00e2mara Municipal de Claraval - PlenCMC", "texto_original": "http://sapl.claraval.mg.leg.br/media/sapl/public/materialegislativa/2012/205/ata_8a_ext_2012.pdf", "ementa": "\"Ata 8\u00aa Reuni\u00e3o Extraordin\u00e1ria de 2012.\""}, {"id": "211", "ano": "2012", "numero": "9", "tipo__sigla": "ASLE", "tipo__descricao": "ATA SESS\u00c3O LEGISLATIVA EXTRAORDIN\u00c1RIA", "autoria": "Plen\u00e1rio da C\u00e2mara Municipal de Claraval - PlenCMC", "texto_original": "http://sapl.claraval.mg.leg.br/media/sapl/public/materialegislativa/2012/211/ata_9a_ext_2012.pdf", "ementa": "\"Ata 9\u00aa Sess\u00e3o Extraordin\u00e1ria de 2012.\""}, {"id": "216", "ano": "2012", "numero": "10", "tipo__sigla": "ASLE", "tipo__descricao": "ATA SESS\u00c3O LEGISLATIVA EXTRAORDIN\u00c1RIA", "autoria": "Plen\u00e1rio da C\u00e2mara Municipal de Claraval - PlenCMC", "texto_original": "http://sapl.claraval.mg.leg.br/media/sapl/public/materialegislativa/2012/216/ata_10a_ext_2012.pdf", "ementa": "\"Ata 10\u00aa Sess\u00e3o Extraordin\u00e1ria de 2012.\""}, {"id": "222", "ano": "2012", "numero": "11", "tipo__sigla": "ASLE", "tipo__descricao": "ATA SESS\u00c3O LEGISLATIVA EXTRAORDIN\u00c1RIA", "autoria": "Plen\u00e1rio da C\u00e2mara Municipal de Claraval - PlenCMC", "texto_original": "http://sapl.claraval.mg.leg.br/media/sapl/public/materialegislativa/2012/222/ata_11a_ext_2012.pdf", "ementa": "\"Ata 11\u00aa Reuni\u00e3o Extraordin\u00e1ria de 2012.\""}, {"id": "226", "ano": "2012", "numero": "12", "tipo__sigla": "ASLE", "tipo__descricao": "ATA SESS\u00c3O LEGISLATIVA EXTRAORDIN\u00c1RIA", "autoria": "Mesa Diretora da C\u00e2mara Municipal de Claraval - MDC", "texto_original": "http://sapl.claraval.mg.leg.br/media/sapl/public/materialegislativa/2012/226/ata_12a_ext_2012.pdf", "ementa": "\"Ata 12\u00aa Reuni\u00e3o Extraordin\u00e1ria de 2012.\""}, {"id": "781", "ano": "2012", "numero": "1", "tipo__sigla": "PEA", "tipo__descricao": "PROJETO DE EMENDA ADITIVA", "autoria": "", "texto_original": "http://sapl.claraval.mg.leg.br/media/sapl/public/materialegislativa/2012/781/pea_01_2012.pdf", "ementa": "\"Disp\u00f5e sobre a organiza\u00e7\u00e3o da Pol\u00edtica de Assist\u00eancia Social no munic\u00edpio e revoga as Leis Municipais N\u00bas 789 e 791 de 29/03/1996, e d\u00e1 outras providencias.\""}]}