{"headers": {"id": "ID", "ano": "Ano", "numero": "N\u00famero", "tipo__sigla": "Tipo de Mat\u00e9ria Legislativa/Sigla", "tipo__descricao": "Tipo de Mat\u00e9ria Legislativa/Descri\u00e7\u00e3o", "autoria": "Autorias", "texto_original": "Texto Original", "ementa": "Ementa"}, "results": [{"id": "784", "ano": "2015", "numero": "6", "tipo__sigla": "PAR", "tipo__descricao": "PARECER - COFC", "autoria": "", "texto_original": "http://sapl.claraval.mg.leg.br/media/sapl/public/materialegislativa/2015/784/cfotc_06_15.pdf", "ementa": "\"Disp\u00f5e sobre amplia\u00e7\u00e3o do per\u00edmetro urbano do munic\u00edpio\r\ne d\u00e1 outras provid\u00eancias.\""}, {"id": "793", "ano": "2015", "numero": "8", "tipo__sigla": "PAR", "tipo__descricao": "PARECER - COFC", "autoria": "", "texto_original": "http://sapl.claraval.mg.leg.br/media/sapl/public/materialegislativa/2015/793/cfotc_08_15.pdf", "ementa": "\"DISP\u00d5E SOBRE ABERTURA DE CR\u00c9DITO ADICIONAL SUPLEMENTAR, AS DOTA\u00c7\u00d5ES OR\u00c7AMENT\u00c1RIAS, E D\u00c1 OUTRAS PROVID\u00caNCIAS.\""}, {"id": "796", "ano": "2015", "numero": "9", "tipo__sigla": "PAR", "tipo__descricao": "PARECER - COFC", "autoria": "", "texto_original": "http://sapl.claraval.mg.leg.br/media/sapl/public/materialegislativa/2015/796/cfotc_09_15.pdf", "ementa": "\"Autoriza o Poder Executivo a promover revis\u00e3o geral dos sal\u00e1rios dos servidores do munic\u00edpio e d\u00e1 outras provid\u00eancias.\""}, {"id": "799", "ano": "2015", "numero": "12", "tipo__sigla": "PAR", "tipo__descricao": "PARECER - COFC", "autoria": "", "texto_original": "http://sapl.claraval.mg.leg.br/media/sapl/public/materialegislativa/2015/799/cfotc_12_15.pdf", "ementa": "\"Aprova o Plano Municipal de Educa\u00e7\u00e3o - PME e d\u00e1 outras provid\u00eancias.\""}, {"id": "802", "ano": "2015", "numero": "14", "tipo__sigla": "PAR", "tipo__descricao": "PARECER - COFC", "autoria": "", "texto_original": "http://sapl.claraval.mg.leg.br/media/sapl/public/materialegislativa/2015/802/cfotc_14_15.pdf", "ementa": "\"Disp\u00f5e sobre a retirada de ve\u00edculos abandonados nas vias p\u00fablicas do Munic\u00edpio, e d\u00e1 outras provid\u00eancias.\""}, {"id": "787", "ano": "2015", "numero": "15", "tipo__sigla": "PAR", "tipo__descricao": "PARECER - COFC", "autoria": "", "texto_original": "http://sapl.claraval.mg.leg.br/media/sapl/public/materialegislativa/2015/787/cfotc_15_15.pdf", "ementa": "\"Disp\u00f5e sobre amplia\u00e7\u00e3o do per\u00edmetro urbano do munic\u00edpio e d\u00e1 outras provid\u00eancias.\""}, {"id": "805", "ano": "2015", "numero": "16", "tipo__sigla": "PAR", "tipo__descricao": "PARECER - COFC", "autoria": "", "texto_original": "http://sapl.claraval.mg.leg.br/media/sapl/public/materialegislativa/2015/805/cfotc_16_15.pdf", "ementa": "\"DISP\u00d5E SOBRE ABERTURA DE CR\u00c9DITO ADICIONAL SUPLEMENTAR, AS DOTA\u00c7\u00d5ES OR\u00c7AMENT\u00c1RIAS, E D\u00c1 OUTRAS PROVID\u00caNCIAS.\""}, {"id": "790", "ano": "2015", "numero": "17", "tipo__sigla": "PAR", "tipo__descricao": "PARECER - COFC", "autoria": "", "texto_original": "http://sapl.claraval.mg.leg.br/media/sapl/public/materialegislativa/2015/790/cfotc_17_15.pdf", "ementa": "\"Institui o Programa de Regulariza\u00e7\u00e3o Fiscal no Munic\u00edpio de\r\nClaraval-MG, mediante concess\u00e3o de anistia de multa, juros e corre\u00e7\u00e3o monet\u00e1ria incidentes em cr\u00e9ditos tribut\u00e1rios e d\u00e1 outras provid\u00eancias.\""}, {"id": "808", "ano": "2015", "numero": "20", "tipo__sigla": "PAR", "tipo__descricao": "PARECER - COFC", "autoria": "", "texto_original": "http://sapl.claraval.mg.leg.br/media/sapl/public/materialegislativa/2015/808/cfotc_20_15.pdf", "ementa": "\"Ratifica a Ades\u00e3o do Munic\u00edpio de Claraval, Est Minas Gerais,\r\nao Protocolo de Inten\u00e7\u00f5es do Cons\u00f3rcio P\u00fablico para o Desenvolvimento do Caf\u00e9 e d\u00e1 outras providencias.\""}, {"id": "811", "ano": "2015", "numero": "21", "tipo__sigla": "PAR", "tipo__descricao": "PARECER - COFC", "autoria": "", "texto_original": "http://sapl.claraval.mg.leg.br/media/sapl/public/materialegislativa/2015/811/cfotc_21_15.pdf", "ementa": "\"Disp\u00f5e sobre desafeta\u00e7\u00e3o de \u00e1reas institucionais de propriedade do Munic\u00edpio e autoriza o Poder Executivo a do\u00e1-las \u00e0 COHAB MINAS, a fim de nelas ser realizado empreendimento habitacional e d\u00e1 outras providencias.\""}, {"id": "814", "ano": "2015", "numero": "23", "tipo__sigla": "PAR", "tipo__descricao": "PARECER - COFC", "autoria": "", "texto_original": "http://sapl.claraval.mg.leg.br/media/sapl/public/materialegislativa/2015/814/cfotc_23_15.pdf", "ementa": "\"Disp\u00f5e sobre a regulariza\u00e7\u00e3o de im\u00f3veis localizados no per\u00edmetro urbano do munic\u00edpio de Claraval-MG.\""}, {"id": "817", "ano": "2015", "numero": "24", "tipo__sigla": "PAR", "tipo__descricao": "PARECER - COFC", "autoria": "", "texto_original": "http://sapl.claraval.mg.leg.br/media/sapl/public/materialegislativa/2015/817/cfotc_25_15.pdf", "ementa": "\"Autoriza concess\u00e3o de Subven\u00e7\u00f5es, Aux\u00edlios Financeiros e Contribui\u00e7\u00f5es e cont\u00e9m outras provid\u00eancias.\""}, {"id": "820", "ano": "2015", "numero": "25", "tipo__sigla": "PAR", "tipo__descricao": "PARECER - COFC", "autoria": "", "texto_original": "http://sapl.claraval.mg.leg.br/media/sapl/public/materialegislativa/2015/820/cfotc_25_15.pdf", "ementa": "\"Altera a Lei Municipal n\u00ba 1.310, de 19 de novembro de 2013, que disp\u00f5e sobre o Plano Plurianual para o per\u00edodo de 2014 a 2017.\""}, {"id": "855", "ano": "2015", "numero": "26", "tipo__sigla": "PAR", "tipo__descricao": "PARECER - COFC", "autoria": "", "texto_original": "http://sapl.claraval.mg.leg.br/media/sapl/public/materialegislativa/2015/855/cfotc_26_2016.pdf", "ementa": "\"Altera a Lei Municipal n\u00ba 1.346, de 25 de junho de 2015, Que disp\u00f5e sobre as diretrizes para a elabora\u00e7\u00e3o da proposta or\u00e7ament\u00e1ria para o exerc\u00edcio de 2016.\""}, {"id": "785", "ano": "2015", "numero": "6", "tipo__sigla": "PAR", "tipo__descricao": "PARECER - CCJR", "autoria": "", "texto_original": "http://sapl.claraval.mg.leg.br/media/sapl/public/materialegislativa/2015/785/cljrf_06_15.pdf", "ementa": "\"Disp\u00f5e sobre amplia\u00e7\u00e3o do per\u00edmetro urbano do munic\u00edpio\r\ne d\u00e1 outras provid\u00eancias.\""}, {"id": "794", "ano": "2015", "numero": "8", "tipo__sigla": "PAR", "tipo__descricao": "PARECER - CCJR", "autoria": "", "texto_original": "http://sapl.claraval.mg.leg.br/media/sapl/public/materialegislativa/2015/794/cljrf_08_15.pdf", "ementa": "\"DISP\u00d5E SOBRE ABERTURA DE CR\u00c9DITO ADICIONAL SUPLEMENTAR, AS DOTA\u00c7\u00d5ES OR\u00c7AMENT\u00c1RIAS, E D\u00c1 OUTRAS PROVID\u00caNCIAS.\""}, {"id": "797", "ano": "2015", "numero": "9", "tipo__sigla": "PAR", "tipo__descricao": "PARECER - CCJR", "autoria": "", "texto_original": "http://sapl.claraval.mg.leg.br/media/sapl/public/materialegislativa/2015/797/cljrf_09_15.pdf", "ementa": "\"Autoriza o Poder Executivo a promover revis\u00e3o geral dos sal\u00e1rios dos servidores do munic\u00edpio e d\u00e1 outras provid\u00eancias.\""}, {"id": "800", "ano": "2015", "numero": "12", "tipo__sigla": "PAR", "tipo__descricao": "PARECER - CCJR", "autoria": "", "texto_original": "http://sapl.claraval.mg.leg.br/media/sapl/public/materialegislativa/2015/800/cljrf_12_15.pdf", "ementa": "\"Aprova o Plano Municipal de Educa\u00e7\u00e3o - PME e d\u00e1 outras provid\u00eancias.\""}, {"id": "803", "ano": "2015", "numero": "14", "tipo__sigla": "PAR", "tipo__descricao": "PARECER - CCJR", "autoria": "", "texto_original": "http://sapl.claraval.mg.leg.br/media/sapl/public/materialegislativa/2015/803/cljrf_14_15.pdf", "ementa": "\"Disp\u00f5e sobre a retirada de ve\u00edculos abandonados nas vias p\u00fablicas do Munic\u00edpio, e d\u00e1 outras provid\u00eancias.\""}, {"id": "788", "ano": "2015", "numero": "15", "tipo__sigla": "PAR", "tipo__descricao": "PARECER - CCJR", "autoria": "", "texto_original": "http://sapl.claraval.mg.leg.br/media/sapl/public/materialegislativa/2015/788/cljrf_15_15.pdf", "ementa": "\"Disp\u00f5e sobre amplia\u00e7\u00e3o do per\u00edmetro urbano do munic\u00edpio e d\u00e1 outras provid\u00eancias.\""}, {"id": "806", "ano": "2015", "numero": "16", "tipo__sigla": "PAR", "tipo__descricao": "PARECER - CCJR", "autoria": "", "texto_original": "http://sapl.claraval.mg.leg.br/media/sapl/public/materialegislativa/2015/806/cljrf_16_15.pdf", "ementa": "\"DISP\u00d5E SOBRE ABERTURA DE CR\u00c9DITO ADICIONAL SUPLEMENTAR, AS DOTA\u00c7\u00d5ES OR\u00c7AMENT\u00c1RIAS, E D\u00c1 OUTRAS PROVID\u00caNCIAS.\""}, {"id": "791", "ano": "2015", "numero": "17", "tipo__sigla": "PAR", "tipo__descricao": "PARECER - CCJR", "autoria": "", "texto_original": "http://sapl.claraval.mg.leg.br/media/sapl/public/materialegislativa/2015/791/cljrf_17_15.pdf", "ementa": "\"Institui o Programa de Regulariza\u00e7\u00e3o Fiscal no Munic\u00edpio de\r\nClaraval-MG, mediante concess\u00e3o de anistia de multa, juros e corre\u00e7\u00e3o monet\u00e1ria incidentes em cr\u00e9ditos tribut\u00e1rios e d\u00e1 outras provid\u00eancias.\""}, {"id": "809", "ano": "2015", "numero": "20", "tipo__sigla": "PAR", "tipo__descricao": "PARECER - CCJR", "autoria": "", "texto_original": "http://sapl.claraval.mg.leg.br/media/sapl/public/materialegislativa/2015/809/cljrf_20_15.pdf", "ementa": "\"Ratifica a Ades\u00e3o do Munic\u00edpio de Claraval, Est Minas Gerais,\r\nao Protocolo de Inten\u00e7\u00f5es do Cons\u00f3rcio P\u00fablico para o Desenvolvimento do Caf\u00e9 e d\u00e1 outras providencias.\""}, {"id": "812", "ano": "2015", "numero": "21", "tipo__sigla": "PAR", "tipo__descricao": "PARECER - CCJR", "autoria": "", "texto_original": "http://sapl.claraval.mg.leg.br/media/sapl/public/materialegislativa/2015/812/cljrf_21_15.pdf", "ementa": "\"Disp\u00f5e sobre desafeta\u00e7\u00e3o de \u00e1reas institucionais de propriedade do Munic\u00edpio e autoriza o Poder Executivo a do\u00e1-las \u00e0 COHAB MINAS, a fim de nelas ser realizado empreendimento habitacional e d\u00e1 outras providencias.\""}, {"id": "815", "ano": "2015", "numero": "23", "tipo__sigla": "PAR", "tipo__descricao": "PARECER - CCJR", "autoria": "", "texto_original": "http://sapl.claraval.mg.leg.br/media/sapl/public/materialegislativa/2015/815/cljrf_23_15.pdf", "ementa": "\"Disp\u00f5e sobre a regulariza\u00e7\u00e3o de im\u00f3veis localizados no per\u00edmetro urbano do munic\u00edpio de Claraval-MG.\""}, {"id": "818", "ano": "2015", "numero": "24", "tipo__sigla": "PAR", "tipo__descricao": "PARECER - CCJR", "autoria": "", "texto_original": "http://sapl.claraval.mg.leg.br/media/sapl/public/materialegislativa/2015/818/cljrf_24_15.pdf", "ementa": "\"Autoriza concess\u00e3o de Subven\u00e7\u00f5es, Aux\u00edlios Financeiros e Contribui\u00e7\u00f5es e cont\u00e9m outras provid\u00eancias.\""}, {"id": "821", "ano": "2015", "numero": "25", "tipo__sigla": "PAR", "tipo__descricao": "PARECER - CCJR", "autoria": "", "texto_original": "http://sapl.claraval.mg.leg.br/media/sapl/public/materialegislativa/2015/821/cljrf_25_15.pdf", "ementa": "\"Altera a Lei Municipal n\u00ba 1.310, de 19 de novembro de 2013, que disp\u00f5e sobre o Plano Plurianual para o per\u00edodo de 2014 a 2017.\""}, {"id": "856", "ano": "2015", "numero": "26", "tipo__sigla": "PAR", "tipo__descricao": "PARECER - CCJR", "autoria": "", "texto_original": "http://sapl.claraval.mg.leg.br/media/sapl/public/materialegislativa/2015/856/cljrf_26_2016.pdf", "ementa": "\"Altera a Lei Municipal n\u00ba 1.346, de 25 de junho de 2015, Que disp\u00f5e sobre as diretrizes para a elabora\u00e7\u00e3o da proposta or\u00e7ament\u00e1ria para o exerc\u00edcio de 2016.\""}, {"id": "792", "ano": "2015", "numero": "4", "tipo__sigla": "PLO", "tipo__descricao": "PROJETO DE LEI ORDIN\u00c1RIA", "autoria": "", "texto_original": "http://sapl.claraval.mg.leg.br/media/sapl/public/materialegislativa/2015/792/plo_004_2015.pdf", "ementa": "\"DISP\u00d5E SOBRE ABERTURA DE CR\u00c9DITO ADICIONAL SUPLEMENTAR, AS DOTA\u00c7\u00d5ES OR\u00c7AMENT\u00c1RIAS, E D\u00c1 OUTRAS PROVID\u00caNCIAS.\""}, {"id": "795", "ano": "2015", "numero": "6", "tipo__sigla": "PLO", "tipo__descricao": "PROJETO DE LEI ORDIN\u00c1RIA", "autoria": "", "texto_original": "http://sapl.claraval.mg.leg.br/media/sapl/public/materialegislativa/2015/795/plo_006_2015.pdf", "ementa": "\"Autoriza o Poder Executivo a promover revis\u00e3o geral dos sal\u00e1rios dos servidores do munic\u00edpio e d\u00e1 outras provid\u00eancias.\""}, {"id": "798", "ano": "2015", "numero": "7", "tipo__sigla": "PLO", "tipo__descricao": "PROJETO DE LEI ORDIN\u00c1RIA", "autoria": "", "texto_original": "http://sapl.claraval.mg.leg.br/media/sapl/public/materialegislativa/2015/798/plo_007_2015.pdf", "ementa": "\"Aprova o Plano Municipal de Educa\u00e7\u00e3o - PME e d\u00e1 outras provid\u00eancias.\""}, {"id": "801", "ano": "2015", "numero": "8", "tipo__sigla": "PLO", "tipo__descricao": "PROJETO DE LEI ORDIN\u00c1RIA", "autoria": "", "texto_original": "http://sapl.claraval.mg.leg.br/media/sapl/public/materialegislativa/2015/801/plo_008_2015.pdf", "ementa": "\"Disp\u00f5e sobre a retirada de ve\u00edculos abandonados nas vias p\u00fablicas do Munic\u00edpio, e d\u00e1 outras provid\u00eancias.\""}, {"id": "804", "ano": "2015", "numero": "9", "tipo__sigla": "PLO", "tipo__descricao": "PROJETO DE LEI ORDIN\u00c1RIA", "autoria": "", "texto_original": "http://sapl.claraval.mg.leg.br/media/sapl/public/materialegislativa/2015/804/plo_009_2015.pdf", "ementa": "\"DISP\u00d5E SOBRE ABERTURA DE CR\u00c9DITO ADICIONAL SUPLEMENTAR, AS DOTA\u00c7\u00d5ES OR\u00c7AMENT\u00c1RIAS, E D\u00c1 OUTRAS PROVID\u00caNCIAS.\""}, {"id": "807", "ano": "2015", "numero": "11", "tipo__sigla": "PLO", "tipo__descricao": "PROJETO DE LEI ORDIN\u00c1RIA", "autoria": "", "texto_original": "http://sapl.claraval.mg.leg.br/media/sapl/public/materialegislativa/2015/807/plo_011_2015.pdf", "ementa": "\"Ratifica a Ades\u00e3o do Munic\u00edpio de Claraval, Est Minas Gerais,\r\nao Protocolo de Inten\u00e7\u00f5es do Cons\u00f3rcio P\u00fablico para o Desenvolvimento do Caf\u00e9 e d\u00e1 outras providencias.\""}, {"id": "810", "ano": "2015", "numero": "12", "tipo__sigla": "PLO", "tipo__descricao": "PROJETO DE LEI ORDIN\u00c1RIA", "autoria": "", "texto_original": "http://sapl.claraval.mg.leg.br/media/sapl/public/materialegislativa/2015/810/plo_012_2015.pdf", "ementa": "\"Disp\u00f5e sobre desafeta\u00e7\u00e3o de \u00e1reas institucionais de propriedade do Munic\u00edpio e autoriza o Poder Executivo a do\u00e1-las \u00e0 COHAB MINAS, a fim de nelas ser realizado empreendimento habitacional e d\u00e1 outras providencias.\""}, {"id": "813", "ano": "2015", "numero": "13", "tipo__sigla": "PLO", "tipo__descricao": "PROJETO DE LEI ORDIN\u00c1RIA", "autoria": "", "texto_original": "http://sapl.claraval.mg.leg.br/media/sapl/public/materialegislativa/2015/813/plo_013_2015.pdf", "ementa": "\"Disp\u00f5e sobre a regulariza\u00e7\u00e3o de im\u00f3veis localizados no per\u00edmetro urbano do munic\u00edpio de Claraval-MG.\""}, {"id": "816", "ano": "2015", "numero": "14", "tipo__sigla": "PLO", "tipo__descricao": "PROJETO DE LEI ORDIN\u00c1RIA", "autoria": "", "texto_original": "http://sapl.claraval.mg.leg.br/media/sapl/public/materialegislativa/2015/816/plo_014_2015.pdf", "ementa": "\"Autoriza concess\u00e3o de Subven\u00e7\u00f5es, Aux\u00edlios Financeiros e Contribui\u00e7\u00f5es e cont\u00e9m outras provid\u00eancias.\""}, {"id": "819", "ano": "2015", "numero": "15", "tipo__sigla": "PLO", "tipo__descricao": "PROJETO DE LEI ORDIN\u00c1RIA", "autoria": "", "texto_original": "http://sapl.claraval.mg.leg.br/media/sapl/public/materialegislativa/2015/819/plo_015_2015.pdf", "ementa": "\"Altera a Lei Municipal n\u00ba 1.310, de 19 de novembro de 2013, que disp\u00f5e sobre o Plano Plurianual para o per\u00edodo de 2014 a 2017.\""}, {"id": "854", "ano": "2015", "numero": "16", "tipo__sigla": "PLO", "tipo__descricao": "PROJETO DE LEI ORDIN\u00c1RIA", "autoria": "", "texto_original": "http://sapl.claraval.mg.leg.br/media/sapl/public/materialegislativa/2015/854/plo_016_2015.pdf", "ementa": "\"Altera a Lei Municipal n\u00ba 1.346, de 25 de junho de 2015, Que disp\u00f5e sobre as diretrizes para a elabora\u00e7\u00e3o da proposta or\u00e7ament\u00e1ria para o exerc\u00edcio de 2016.\""}, {"id": "783", "ano": "2015", "numero": "1", "tipo__sigla": "PLC", "tipo__descricao": "PROJETO DE LEI COMPLEMENTAR", "autoria": "", "texto_original": "http://sapl.claraval.mg.leg.br/media/sapl/public/materialegislativa/2015/783/plc_001_2015.pdf", "ementa": "\"Disp\u00f5e sobre amplia\u00e7\u00e3o do per\u00edmetro urbano do munic\u00edpio\r\ne d\u00e1 outras provid\u00eancias.\""}, {"id": "786", "ano": "2015", "numero": "2", "tipo__sigla": "PLC", "tipo__descricao": "PROJETO DE LEI COMPLEMENTAR", "autoria": "", "texto_original": "http://sapl.claraval.mg.leg.br/media/sapl/public/materialegislativa/2015/786/plc_002_2015.pdf", "ementa": "\"Disp\u00f5e sobre amplia\u00e7\u00e3o do per\u00edmetro urbano do munic\u00edpio e d\u00e1 outras provid\u00eancias.\""}, {"id": "789", "ano": "2015", "numero": "3", "tipo__sigla": "PLC", "tipo__descricao": "PROJETO DE LEI COMPLEMENTAR", "autoria": "", "texto_original": "http://sapl.claraval.mg.leg.br/media/sapl/public/materialegislativa/2015/789/plc_003_2015.pdf", "ementa": "\"Institui o Programa de Regulariza\u00e7\u00e3o Fiscal no Munic\u00edpio de\r\nClaraval-MG, mediante concess\u00e3o de anistia de multa, juros e corre\u00e7\u00e3o monet\u00e1ria incidentes em cr\u00e9ditos tribut\u00e1rios e d\u00e1 outras provid\u00eancias.\""}, {"id": "113", "ano": "2015", "numero": "1", "tipo__sigla": "ASLO", "tipo__descricao": "ATA SESS\u00c3O LEGISLATIVA ORDIN\u00c1RIA", "autoria": "Plen\u00e1rio da C\u00e2mara Municipal de Claraval - PlenCMC", "texto_original": "http://sapl.claraval.mg.leg.br/media/sapl/public/materialegislativa/2015/113/ata_1a_ord_2015.pdf", "ementa": "Ata da 1\u00aa Reuni\u00e3o Ordin\u00e1ria de 2015."}, {"id": "116", "ano": "2015", "numero": "2", "tipo__sigla": "ASLO", "tipo__descricao": "ATA SESS\u00c3O LEGISLATIVA ORDIN\u00c1RIA", "autoria": "Plen\u00e1rio da C\u00e2mara Municipal de Claraval - PlenCMC", "texto_original": "http://sapl.claraval.mg.leg.br/media/sapl/public/materialegislativa/2015/116/ata_2a_ord_2015.pdf", "ementa": "\"Ata da 2\u00aa Reuni\u00e3o Ordin\u00e1ria de 2015.\""}, {"id": "133", "ano": "2015", "numero": "3", "tipo__sigla": "ASLO", "tipo__descricao": "ATA SESS\u00c3O LEGISLATIVA ORDIN\u00c1RIA", "autoria": "Plen\u00e1rio da C\u00e2mara Municipal de Claraval - PlenCMC", "texto_original": "http://sapl.claraval.mg.leg.br/media/sapl/public/materialegislativa/2015/133/ata_3a_ord_2015.pdf", "ementa": "\"Ata da 3\u00aa Reuni\u00e3o Ordin\u00e1ria de 2015.\""}, {"id": "134", "ano": "2015", "numero": "4", "tipo__sigla": "ASLO", "tipo__descricao": "ATA SESS\u00c3O LEGISLATIVA ORDIN\u00c1RIA", "autoria": "Plen\u00e1rio da C\u00e2mara Municipal de Claraval - PlenCMC", "texto_original": "http://sapl.claraval.mg.leg.br/media/sapl/public/materialegislativa/2015/134/ata_4a_ord_2015.pdf", "ementa": "\"Ata da 4\u00aa Reuni\u00e3o Ordin\u00e1ria de 2015.\""}, {"id": "135", "ano": "2015", "numero": "5", "tipo__sigla": "ASLO", "tipo__descricao": "ATA SESS\u00c3O LEGISLATIVA ORDIN\u00c1RIA", "autoria": "Plen\u00e1rio da C\u00e2mara Municipal de Claraval - PlenCMC", "texto_original": "http://sapl.claraval.mg.leg.br/media/sapl/public/materialegislativa/2015/135/ata_5a_ord_2015.pdf", "ementa": "\"Ata da 5\u00aa Reuni\u00e3o Ordin\u00e1ria de 2015.\""}, {"id": "136", "ano": "2015", "numero": "6", "tipo__sigla": "ASLO", "tipo__descricao": "ATA SESS\u00c3O LEGISLATIVA ORDIN\u00c1RIA", "autoria": "Plen\u00e1rio da C\u00e2mara Municipal de Claraval - PlenCMC", "texto_original": "http://sapl.claraval.mg.leg.br/media/sapl/public/materialegislativa/2015/136/ata_6a_ord_2015.pdf", "ementa": "\"Ata da 6\u00aa Reuni\u00e3o Ordin\u00e1ria de 2015.\""}, {"id": "137", "ano": "2015", "numero": "7", "tipo__sigla": "ASLO", "tipo__descricao": "ATA SESS\u00c3O LEGISLATIVA ORDIN\u00c1RIA", "autoria": "Plen\u00e1rio da C\u00e2mara Municipal de Claraval - PlenCMC", "texto_original": "http://sapl.claraval.mg.leg.br/media/sapl/public/materialegislativa/2015/137/ata_7a_ord_2015.pdf", "ementa": "\"Ata da 7\u00aa Reuni\u00e3o Ordin\u00e1ria de 2015.\""}, {"id": "138", "ano": "2015", "numero": "8", "tipo__sigla": "ASLO", "tipo__descricao": "ATA SESS\u00c3O LEGISLATIVA ORDIN\u00c1RIA", "autoria": "Plen\u00e1rio da C\u00e2mara Municipal de Claraval - PlenCMC", "texto_original": "http://sapl.claraval.mg.leg.br/media/sapl/public/materialegislativa/2015/138/ata_8a_ord_2015.pdf", "ementa": "\"Ata da 8\u00aa Reuni\u00e3o Ordin\u00e1ria de 2015.\""}, {"id": "139", "ano": "2015", "numero": "9", "tipo__sigla": "ASLO", "tipo__descricao": "ATA SESS\u00c3O LEGISLATIVA ORDIN\u00c1RIA", "autoria": "Plen\u00e1rio da C\u00e2mara Municipal de Claraval - PlenCMC", "texto_original": "http://sapl.claraval.mg.leg.br/media/sapl/public/materialegislativa/2015/139/ata_9a_ord_2015.pdf", "ementa": "\"Ata da 9\u00aa Reuni\u00e3o Ordin\u00e1ria de 2015.\""}, {"id": "140", "ano": "2015", "numero": "10", "tipo__sigla": "ASLO", "tipo__descricao": "ATA SESS\u00c3O LEGISLATIVA ORDIN\u00c1RIA", "autoria": "Plen\u00e1rio da C\u00e2mara Municipal de Claraval - PlenCMC", "texto_original": "http://sapl.claraval.mg.leg.br/media/sapl/public/materialegislativa/2015/140/ata_10a_ord_2015.pdf", "ementa": "\"Ata da 10\u00aa Reuni\u00e3o Ordin\u00e1ria de 2015.\""}, {"id": "141", "ano": "2015", "numero": "11", "tipo__sigla": "ASLO", "tipo__descricao": "ATA SESS\u00c3O LEGISLATIVA ORDIN\u00c1RIA", "autoria": "Plen\u00e1rio da C\u00e2mara Municipal de Claraval - PlenCMC", "texto_original": "http://sapl.claraval.mg.leg.br/media/sapl/public/materialegislativa/2015/141/ata_11a_ord_2015.pdf", "ementa": "\"Ata da 11\u00aa Reuni\u00e3o Ordin\u00e1ria de 2015.\""}, {"id": "114", "ano": "2015", "numero": "1", "tipo__sigla": "ASLE", "tipo__descricao": "ATA SESS\u00c3O LEGISLATIVA EXTRAORDIN\u00c1RIA", "autoria": "Plen\u00e1rio da C\u00e2mara Municipal de Claraval - PlenCMC", "texto_original": "http://sapl.claraval.mg.leg.br/media/sapl/public/materialegislativa/2015/114/ata_1a_ext_2015.pdf", "ementa": "\"Ata da 1\u00aa Reuni\u00e3o Extraordin\u00e1ria de 2015.\""}, {"id": "115", "ano": "2015", "numero": "2", "tipo__sigla": "ASLE", "tipo__descricao": "ATA SESS\u00c3O LEGISLATIVA EXTRAORDIN\u00c1RIA", "autoria": "Plen\u00e1rio da C\u00e2mara Municipal de Claraval - PlenCMC", "texto_original": "http://sapl.claraval.mg.leg.br/media/sapl/public/materialegislativa/2015/115/ata_2a_ext_2015.pdf", "ementa": "\"Ata da 2\u00aa Reuni\u00e3o Extraordin\u00e1ria de 2015.\""}, {"id": "117", "ano": "2015", "numero": "3", "tipo__sigla": "ASLE", "tipo__descricao": "ATA SESS\u00c3O LEGISLATIVA EXTRAORDIN\u00c1RIA", "autoria": "Plen\u00e1rio da C\u00e2mara Municipal de Claraval - PlenCMC", "texto_original": "http://sapl.claraval.mg.leg.br/media/sapl/public/materialegislativa/2015/117/ata_3a_ext_2015.pdf", "ementa": "\"Ata da 3\u00aa Reuni\u00e3o Extraordin\u00e1ria de 2015.\""}, {"id": "118", "ano": "2015", "numero": "4", "tipo__sigla": "ASLE", "tipo__descricao": "ATA SESS\u00c3O LEGISLATIVA EXTRAORDIN\u00c1RIA", "autoria": "Plen\u00e1rio da C\u00e2mara Municipal de Claraval - PlenCMC", "texto_original": "http://sapl.claraval.mg.leg.br/media/sapl/public/materialegislativa/2015/118/ata_4a_ext_2015.pdf", "ementa": "\"Ata da 4\u00aa Reuni\u00e3o Extraordin\u00e1ria de 2015.\""}, {"id": "119", "ano": "2015", "numero": "5", "tipo__sigla": "ASLE", "tipo__descricao": "ATA SESS\u00c3O LEGISLATIVA EXTRAORDIN\u00c1RIA", "autoria": "Plen\u00e1rio da C\u00e2mara Municipal de Claraval - PlenCMC", "texto_original": "http://sapl.claraval.mg.leg.br/media/sapl/public/materialegislativa/2015/119/ata_5a_ext_2015.pdf", "ementa": "\"Ata da 5\u00aa Reuni\u00e3o Extraordin\u00e1ria de 2015.\""}, {"id": "120", "ano": "2015", "numero": "6", "tipo__sigla": "ASLE", "tipo__descricao": "ATA SESS\u00c3O LEGISLATIVA EXTRAORDIN\u00c1RIA", "autoria": "Plen\u00e1rio da C\u00e2mara Municipal de Claraval - PlenCMC", "texto_original": "http://sapl.claraval.mg.leg.br/media/sapl/public/materialegislativa/2015/120/ata_6a_ext_2015.pdf", "ementa": "\"Ata da 6\u00aa Reuni\u00e3o Extraordin\u00e1ria de 2015.\""}, {"id": "121", "ano": "2015", "numero": "7", "tipo__sigla": "ASLE", "tipo__descricao": "ATA SESS\u00c3O LEGISLATIVA EXTRAORDIN\u00c1RIA", "autoria": "Plen\u00e1rio da C\u00e2mara Municipal de Claraval - PlenCMC", "texto_original": "http://sapl.claraval.mg.leg.br/media/sapl/public/materialegislativa/2015/121/ata_7a_ext_2015.pdf", "ementa": "\"Ata da \u00aa Reuni\u00e3o Extraordin\u00e1ria de 2015.\""}, {"id": "122", "ano": "2015", "numero": "8", "tipo__sigla": "ASLE", "tipo__descricao": "ATA SESS\u00c3O LEGISLATIVA EXTRAORDIN\u00c1RIA", "autoria": "Plen\u00e1rio da C\u00e2mara Municipal de Claraval - PlenCMC", "texto_original": "http://sapl.claraval.mg.leg.br/media/sapl/public/materialegislativa/2015/122/ata_8a_ext_2015.pdf", "ementa": "\"Ata da 8\u00aa Reuni\u00e3o Extraordin\u00e1ria de 2015.\""}, {"id": "123", "ano": "2015", "numero": "9", "tipo__sigla": "ASLE", "tipo__descricao": "ATA SESS\u00c3O LEGISLATIVA EXTRAORDIN\u00c1RIA", "autoria": "Plen\u00e1rio da C\u00e2mara Municipal de Claraval - PlenCMC", "texto_original": "http://sapl.claraval.mg.leg.br/media/sapl/public/materialegislativa/2015/123/ata_9a_ext_2015.pdf", "ementa": "\"Ata da 9\u00aa Reuni\u00e3o Extraordin\u00e1ria de 2015.\""}, {"id": "124", "ano": "2015", "numero": "10", "tipo__sigla": "ASLE", "tipo__descricao": "ATA SESS\u00c3O LEGISLATIVA EXTRAORDIN\u00c1RIA", "autoria": "Plen\u00e1rio da C\u00e2mara Municipal de Claraval - PlenCMC", "texto_original": "http://sapl.claraval.mg.leg.br/media/sapl/public/materialegislativa/2015/124/ata_10a_ext_2015.pdf", "ementa": "\"Ata da 10\u00aa Reuni\u00e3o Extraordin\u00e1ria de 2015.\""}, {"id": "125", "ano": "2015", "numero": "11", "tipo__sigla": "ASLE", "tipo__descricao": "ATA SESS\u00c3O LEGISLATIVA EXTRAORDIN\u00c1RIA", "autoria": "Plen\u00e1rio da C\u00e2mara Municipal de Claraval - PlenCMC", "texto_original": "http://sapl.claraval.mg.leg.br/media/sapl/public/materialegislativa/2015/125/ata_11a_ext_2015.pdf", "ementa": "\"Ata da 11\u00aa Reuni\u00e3o Extraordin\u00e1ria de 2015.\""}, {"id": "126", "ano": "2015", "numero": "12", "tipo__sigla": "ASLE", "tipo__descricao": "ATA SESS\u00c3O LEGISLATIVA EXTRAORDIN\u00c1RIA", "autoria": "Plen\u00e1rio da C\u00e2mara Municipal de Claraval - PlenCMC", "texto_original": "http://sapl.claraval.mg.leg.br/media/sapl/public/materialegislativa/2015/126/ata_12a_ext_2015.pdf", "ementa": "\"Ata da 12\u00aa Reuni\u00e3o Extraordin\u00e1ria de 2015.\""}, {"id": "127", "ano": "2015", "numero": "13", "tipo__sigla": "ASLE", "tipo__descricao": "ATA SESS\u00c3O LEGISLATIVA EXTRAORDIN\u00c1RIA", "autoria": "Plen\u00e1rio da C\u00e2mara Municipal de Claraval - PlenCMC", "texto_original": "http://sapl.claraval.mg.leg.br/media/sapl/public/materialegislativa/2015/127/ata_13a_ext_2015.pdf", "ementa": "\"Ata da 13\u00aa Reuni\u00e3o Extraordin\u00e1ria de 2015.\""}, {"id": "128", "ano": "2015", "numero": "14", "tipo__sigla": "ASLE", "tipo__descricao": "ATA SESS\u00c3O LEGISLATIVA EXTRAORDIN\u00c1RIA", "autoria": "Plen\u00e1rio da C\u00e2mara Municipal de Claraval - PlenCMC", "texto_original": "http://sapl.claraval.mg.leg.br/media/sapl/public/materialegislativa/2015/128/ata_14a_ext_2015.pdf", "ementa": "\"Ata da 14\u00aa Reuni\u00e3o Extraordin\u00e1ria de 2015.\""}, {"id": "129", "ano": "2015", "numero": "15", "tipo__sigla": "ASLE", "tipo__descricao": "ATA SESS\u00c3O LEGISLATIVA EXTRAORDIN\u00c1RIA", "autoria": "Plen\u00e1rio da C\u00e2mara Municipal de Claraval - PlenCMC", "texto_original": "http://sapl.claraval.mg.leg.br/media/sapl/public/materialegislativa/2015/129/ata_15a_ext_2015.pdf", "ementa": "\"Ata da 15\u00aa Reuni\u00e3o Extraordin\u00e1ria de 2015.\""}, {"id": "130", "ano": "2015", "numero": "16", "tipo__sigla": "ASLE", "tipo__descricao": "ATA SESS\u00c3O LEGISLATIVA EXTRAORDIN\u00c1RIA", "autoria": "Plen\u00e1rio da C\u00e2mara Municipal de Claraval - PlenCMC", "texto_original": "http://sapl.claraval.mg.leg.br/media/sapl/public/materialegislativa/2015/130/ata_16a_ext_2015.pdf", "ementa": "\"Ata da 16\u00aa Reuni\u00e3o Extraordin\u00e1ria de 2015.\""}, {"id": "131", "ano": "2015", "numero": "17", "tipo__sigla": "ASLE", "tipo__descricao": "ATA SESS\u00c3O LEGISLATIVA EXTRAORDIN\u00c1RIA", "autoria": "Plen\u00e1rio da C\u00e2mara Municipal de Claraval - PlenCMC", "texto_original": "http://sapl.claraval.mg.leg.br/media/sapl/public/materialegislativa/2015/131/ata_17a_ext_2015.pdf", "ementa": "\"Ata da 17\u00aa Reuni\u00e3o Extraordin\u00e1ria de 2015.\""}, {"id": "132", "ano": "2015", "numero": "18", "tipo__sigla": "ASLE", "tipo__descricao": "ATA SESS\u00c3O LEGISLATIVA EXTRAORDIN\u00c1RIA", "autoria": "Plen\u00e1rio da C\u00e2mara Municipal de Claraval - PlenCMC", "texto_original": "http://sapl.claraval.mg.leg.br/media/sapl/public/materialegislativa/2015/132/ata_18a_ext_2015.pdf", "ementa": "\"Ata da 18\u00aa Reuni\u00e3o Extraordin\u00e1ria de 2015.\""}, {"id": "822", "ano": "2015", "numero": "8", "tipo__sigla": "EMD", "tipo__descricao": "PROJETO DE EMENDA MODIFICATIVA", "autoria": "", "texto_original": "http://sapl.claraval.mg.leg.br/media/sapl/public/materialegislativa/2015/822/pem_008_2015.pdf", "ementa": "\"Institui o Programa de Regulariza\u00e7\u00e3o Fiscal no Munic\u00edpio de Claraval-MG, mediante concess\u00e3o de anistia de multa, juros e corre\u00e7\u00e3o monet\u00e1ria incidentes em cr\u00e9ditos tribut\u00e1rios e d\u00e1 outras provid\u00eancias.\""}, {"id": "823", "ano": "2015", "numero": "10", "tipo__sigla": "EMD", "tipo__descricao": "PROJETO DE EMENDA MODIFICATIVA", "autoria": "", "texto_original": "http://sapl.claraval.mg.leg.br/media/sapl/public/materialegislativa/2015/823/pem_010_2015.pdf", "ementa": "\"Disp\u00f5e sobre desafeta\u00e7\u00e3o de \u00e1reas institucionais de propriedade do Munic\u00edpio e autoriza o Poder Executivo a do\u00e1-las \u00e0 COHAB MINAS, a fim de nelas ser realizado empreendimento habitacional e d\u00e1 outras providencias.\""}]}